{"id":170186,"date":"2021-07-02T10:22:00","date_gmt":"2021-07-02T15:22:00","guid":{"rendered":"https:\/\/plazajuarez.mx\/?p=170186"},"modified":"2021-07-02T10:22:16","modified_gmt":"2021-07-02T15:22:16","slug":"balenciaga-la-inspiracion-del-futuro-museo-va-east-de-londres","status":"publish","type":"post","link":"https:\/\/plazajuarez.mx\/historico\/balenciaga-la-inspiracion-del-futuro-museo-va-east-de-londres\/","title":{"rendered":"Balenciaga, la inspiraci\u00f3n del futuro museo V&#038;A East de Londres"},"content":{"rendered":"\n<p class=\"wp-block-paragraph\">Un vestido del dise\u00f1ador espa\u00f1ol Crist\u00f3bal Balenciaga inspirar\u00e1 uno de los edificios del nuevo museo V&amp;A East, que llegar\u00e1 al este de Londres entre 2024 y 2025 para rejuvenecer el arte y aumentar la oferta cultural de la ciudad.<\/p>\n\n\n\n<p class=\"wp-block-paragraph\">Seg\u00fan el director adjunto del Victoria and Albert Museum (V&amp;A), Tim Reeve, fue gracias a una &#8220;serendipia&#8221;, puesto que los arquitectos escudri\u00f1aron el museo principal en busca de &#8220;peque\u00f1os puntos de inspiraci\u00f3n&#8221; justo en el momento en el que hab\u00eda una exposici\u00f3n sobre Balenciaga.<\/p>\n\n\n\n<p class=\"wp-block-paragraph\">El estudio encargado del proyecto, de los irlandeses O\u00b4Donnell + Tuomey, encontr\u00f3 su numen para el edificio del futuro museo V&amp;A East, que ya est\u00e1 en construcci\u00f3n, al ver unas &#8220;radiograf\u00edas&#8221; de los vestidos del dise\u00f1ador en las que, como cuenta Reeve, se pod\u00eda apreciar &#8220;el esqueleto interior y los pliegues y peque\u00f1os espacios que se creaban en la tela&#8221;.<\/p>\n\n\n\n<p class=\"wp-block-paragraph\">El complejo cultural V&amp;A East se estructurar\u00e1 no en uno, sino en dos edificios: el ya mencionado museo y el Almac\u00e9n V&amp;A East, ambos situados a minutos de distancia dentro del que fuese parque ol\u00edmpico durante Londres 2012 en Stratford, al este de la capital brit\u00e1nica.<\/p>\n\n\n\n<p class=\"wp-block-paragraph\">Un lugar de &#8220;hacedores&#8221; que vio crecer a artistas de la talla del dise\u00f1ador Alexander McQueen o el fot\u00f3grafo David Baily y que, junto con la construcci\u00f3n de las nuevas sedes de la BBC y el London College of Fashion, aspiran a convertir la zona en el nuevo eje cultural del Londres pospand\u00e9mico.<\/p>\n\n\n\n<p class=\"wp-block-paragraph\">&#8220;Es el plan correcto, en el lugar correcto y en el momento correcto&#8221;, asegur\u00f3 Reeve en el acto de presentaci\u00f3n del proyecto, que busca potenciar la creatividad y atraer a audiencias m\u00e1s j\u00f3venes y diversas.<\/p>\n\n\n\n<p class=\"wp-block-paragraph\">Dar\u00e1 sus primeros pasos en 2024 con la apertura del Almac\u00e9n V&amp;A East, en lo que supondr\u00e1 la &#8220;mayor y la m\u00e1s estresante mudanza de colecciones de arte en la historia del Reino Unido&#8221;, pues contar\u00e1 con m\u00e1s de 250.000 objetos, 350.000 libros y hasta 1.000 archivos, admiti\u00f3 Reeve en la rueda de prensa.<\/p>\n\n\n\n<p class=\"wp-block-paragraph\">Este almac\u00e9n, que podr\u00e1 visitar el p\u00fablico, invitar\u00e1 a viajar al &#8220;coraz\u00f3n&#8221; del museo -sus bambalinas, para descubrir y entender &#8220;c\u00f3mo se almacenan, cuidan y restauran las piezas de arte&#8221; desde dentro- y ver en acci\u00f3n a los artistas y dise\u00f1adores residentes, relata el director de V&amp;A East, Guy Casely-Hayford.<\/p>\n\n\n\n<p class=\"wp-block-paragraph\">Entre los objetos m\u00e1s preciados de la colecci\u00f3n, se encuentran un par de zapatos que datan del Antiguo Egipto, el \u00fanico interior completo del arquitecto Frank Lloyd Wright fuera de Estados Unidos o un artesonado de madera del siglo XV procedente del desaparecido palacio de Torrijos (Toledo, centro de Espa\u00f1a).<\/p>\n\n\n\n<p class=\"wp-block-paragraph\">La forma del armaz\u00f3n del vestido de Balenciaga se vislumbra ya entre los andamios del futuro museo V&amp;A East, que abrir\u00e1 en 2025, pero ya calienta motores con sus primeras adquisiciones, como el vestido &#8220;Daria&#8221; de Molly Goddard que Beyonc\u00e9 llev\u00f3 en &#8220;Black is King&#8221; o el retrato de Melissa Thompson, a cargo del estadounidense Kehinde Wiley, entre otros.<\/p>\n\n\n\n<p class=\"wp-block-paragraph\">Para Casely-Hayford, la pandemia ha puesto de manifiesto &#8220;el poder \u00fanico del arte y de la cultura&#8221; para unir a la sociedad, y por eso quiere que el complejo V&amp;A East sea un &#8220;spa para el alma&#8221; que haga el arte accesible para todos, incluidos aquellos que &#8220;piensan que los museos no son para ellos&#8221;.<\/p>\n\n\n\n<p class=\"wp-block-paragraph\">Adem\u00e1s, conf\u00eda en que las miles de personas que visiten en el futuro sus instalaciones encuentren la inspiraci\u00f3n que buscan, al igual que en su d\u00eda hicieron los arquitectos al ver el vestido del dise\u00f1ador espa\u00f1ol.<\/p>\n\n\n\n<p class=\"wp-block-paragraph\">&#8220;Cada vez que vuelvas, tendremos algo nuevo para ti. Esto es solo el principio. El V&amp;A East ya est\u00e1 aqu\u00ed&#8221;, concluye.<\/p>\n","protected":false},"excerpt":{"rendered":"<p>Un vestido del dise\u00f1ador espa\u00f1ol Crist\u00f3bal Balenciaga inspirar\u00e1 uno de los edificios del nuevo museo V&amp;A East, que llegar\u00e1 al este de Londres entre 2024 y 2025 para rejuvenecer el arte y aumentar la oferta cultural de la ciudad. Seg\u00fan el director adjunto del Victoria and Albert Museum (V&amp;A), Tim Reeve, fue gracias a una [&hellip;]<\/p>\n","protected":false},"author":80,"featured_media":170187,"comment_status":"closed","ping_status":"open","sticky":false,"template":"","format":"standard","meta":{"footnotes":""},"categories":[41],"tags":[],"class_list":["post-170186","post","type-post","status-publish","format-standard","has-post-thumbnail","hentry","category-arteria-cultural"],"_links":{"self":[{"href":"https:\/\/plazajuarez.mx\/historico\/wp-json\/wp\/v2\/posts\/170186","targetHints":{"allow":["GET"]}}],"collection":[{"href":"https:\/\/plazajuarez.mx\/historico\/wp-json\/wp\/v2\/posts"}],"about":[{"href":"https:\/\/plazajuarez.mx\/historico\/wp-json\/wp\/v2\/types\/post"}],"author":[{"embeddable":true,"href":"https:\/\/plazajuarez.mx\/historico\/wp-json\/wp\/v2\/users\/80"}],"replies":[{"embeddable":true,"href":"https:\/\/plazajuarez.mx\/historico\/wp-json\/wp\/v2\/comments?post=170186"}],"version-history":[{"count":0,"href":"https:\/\/plazajuarez.mx\/historico\/wp-json\/wp\/v2\/posts\/170186\/revisions"}],"wp:featuredmedia":[{"embeddable":true,"href":"https:\/\/plazajuarez.mx\/historico\/wp-json\/wp\/v2\/media\/170187"}],"wp:attachment":[{"href":"https:\/\/plazajuarez.mx\/historico\/wp-json\/wp\/v2\/media?parent=170186"}],"wp:term":[{"taxonomy":"category","embeddable":true,"href":"https:\/\/plazajuarez.mx\/historico\/wp-json\/wp\/v2\/categories?post=170186"},{"taxonomy":"post_tag","embeddable":true,"href":"https:\/\/plazajuarez.mx\/historico\/wp-json\/wp\/v2\/tags?post=170186"}],"curies":[{"name":"wp","href":"https:\/\/api.w.org\/{rel}","templated":true}]}}