{"id":170106,"date":"2021-07-01T21:04:11","date_gmt":"2021-07-02T02:04:11","guid":{"rendered":"https:\/\/plazajuarez.mx\/?p=170106"},"modified":"2021-07-01T21:17:45","modified_gmt":"2021-07-02T02:17:45","slug":"alcaldes-de-hidalgo-se-unen-y-fortalecen-ameh","status":"publish","type":"post","link":"https:\/\/plazajuarez.mx\/historico\/alcaldes-de-hidalgo-se-unen-y-fortalecen-ameh\/","title":{"rendered":"Alcaldes de Hidalgo se unen y fortalecen AMEH"},"content":{"rendered":"\n<p>Este jueves se realiz\u00f3 la transici\u00f3n de la nueva mesa Directiva del Consejo de la Asociaci\u00f3n de Municipios del Estado de Hidalgo para el periodo 2021-2024, donde el Titular de la Unidad de&nbsp; Planeaci\u00f3n y Prospectiva, Lam\u00e1n Carranza Ram\u00edrez, hizo la toma de protesta en representaci\u00f3n del Gobernador de Hidalgo, Omar Fayad Meneses. Al encuentro acudieron 68 alcaldes en funciones y 50 ex presidentes municipales.&nbsp;<\/p>\n\n\n\n<p>La apertura del evento estuvo a cargo del Delegado Especial y Secretario General, Jaime Galindo Ugalde quien rese\u00f1\u00f3 que la Asociaci\u00f3n de Municipios del Estado de Hidalgo (AMEH), se constituy\u00f3 legal y jur\u00eddicamente el 22 de abril de 2009 con el prop\u00f3sito de fortalecer en materia pol\u00edtica, hacendaria, legislativa, econ\u00f3mica y social a los municipios del Estado de Hidalgo; misma que est\u00e1 adherida a la Federaci\u00f3n Nacional de Municipios de M\u00e9xico, con el objetivo de crear alianzas estrat\u00e9gicas de trabajo para resolver problem\u00e1ticas en com\u00fan con municipios del resto del pa\u00eds.<\/p>\n\n\n\n<p>En el evento protocolario, el Presidente saliente de la Asociaci\u00f3n y actual mandatario de Tulancingo de Bravo, Jorge M\u00e1rquez Alvarado, destac\u00f3 que la uni\u00f3n de los municipios siempre tendr\u00e1n mejores resultados y es una oportunidad para reunificar fuerzas y objetivos en busca de soluciones ante los retos que esta \u00e9poca implica. Reconoci\u00f3 el impulso que ha brindado el gobernador, quien tiene una experiencia avalada por su gesti\u00f3n como Presidente Municipal de Pachuca, como l\u00edder de la Federaci\u00f3n Nacional de Municipios de M\u00e9xico y como miembro del Senado de la Rep\u00fablica, lo que se refleja en su visi\u00f3n federalista y municipalista.&nbsp;<\/p>\n\n\n\n<p>El Presidente entrante de la AMEH, Israel Felix Soto, exhort\u00f3 a sus hom\u00f3logos a sumarse a las tareas de la Asociaci\u00f3n con el objetivo de sumar esfuerzos y dejar a un lado las ideolog\u00edas pol\u00edticas y&nbsp; colores de partidos porque s\u00f3lo en con la uni\u00f3n y el trabajo de todas las fuerzas pol\u00edticas se logra llegar a las metas trazadas. Como uno de los puntos principales en su agenda de trabajo ser\u00e1 gestionar recursos para los municipios ante el congreso federal y local; tocar puertas para solucionar las carencias que son tema com\u00fan en los municipios de Hidalgo.&nbsp;<\/p>\n\n\n\n<p>El alcalde de Mineral de la Reforma es consciente de la realidad que enfrentan las familias en Hidalgo, su misi\u00f3n al frente de este organismo ser\u00e1 trabajar de la mano con los otros alcaldes para que la poblaci\u00f3n tenga acceso a las herramientas elementales que les permitan&nbsp; salir de la pobreza, para que Hidalgo crezca con todos sus municipios.&nbsp;<\/p>\n\n\n\n<p>Agradeci\u00f3 la confianza depositada en su persona para encabezar la AMEH y la responsabilidad que implica. Resalt\u00f3 la importancia de trabajar coordinadamente en los tres niveles de gobierno y reconoci\u00f3 la contribuci\u00f3n que Lam\u00e1n Carranza aporta para fomentar el desarrollo municipal; tambi\u00e9n el impulso que ha otorgado el gobernador del estado, Omar Fayad Meneses al trabajar con sensibilidad para garantizar salud, seguridad, educaci\u00f3n y bienestar a todas las familias de Hidalgo y a\u00f1adi\u00f3:&nbsp; \u201calinearemos las causas de los municipios con la transformaci\u00f3n que persigue nuestro&nbsp; Presidente Andr\u00e9s Manuel L\u00f3pez Obrador, porque en Hidalgo se le quiere y se le respeta y hay que cuidarlo con el trabajo de todos y cada uno de nosotros en nuestros municipios.\u201d<\/p>\n","protected":false},"excerpt":{"rendered":"<p>Este jueves se realiz\u00f3 la transici\u00f3n de la nueva mesa Directiva del Consejo de la Asociaci\u00f3n de Municipios del Estado de Hidalgo para el periodo 2021-2024, donde el Titular de la Unidad de&nbsp; Planeaci\u00f3n y Prospectiva, Lam\u00e1n Carranza Ram\u00edrez, hizo la toma de protesta en representaci\u00f3n del Gobernador de Hidalgo, Omar Fayad Meneses. Al encuentro [&hellip;]<\/p>\n","protected":false},"author":93,"featured_media":170108,"comment_status":"closed","ping_status":"open","sticky":false,"template":"","format":"standard","meta":{"footnotes":""},"categories":[15,59],"tags":[],"class_list":["post-170106","post","type-post","status-publish","format-standard","has-post-thumbnail","hentry","category-destacadas","category-general"],"_links":{"self":[{"href":"https:\/\/plazajuarez.mx\/historico\/wp-json\/wp\/v2\/posts\/170106","targetHints":{"allow":["GET"]}}],"collection":[{"href":"https:\/\/plazajuarez.mx\/historico\/wp-json\/wp\/v2\/posts"}],"about":[{"href":"https:\/\/plazajuarez.mx\/historico\/wp-json\/wp\/v2\/types\/post"}],"author":[{"embeddable":true,"href":"https:\/\/plazajuarez.mx\/historico\/wp-json\/wp\/v2\/users\/93"}],"replies":[{"embeddable":true,"href":"https:\/\/plazajuarez.mx\/historico\/wp-json\/wp\/v2\/comments?post=170106"}],"version-history":[{"count":0,"href":"https:\/\/plazajuarez.mx\/historico\/wp-json\/wp\/v2\/posts\/170106\/revisions"}],"wp:featuredmedia":[{"embeddable":true,"href":"https:\/\/plazajuarez.mx\/historico\/wp-json\/wp\/v2\/media\/170108"}],"wp:attachment":[{"href":"https:\/\/plazajuarez.mx\/historico\/wp-json\/wp\/v2\/media?parent=170106"}],"wp:term":[{"taxonomy":"category","embeddable":true,"href":"https:\/\/plazajuarez.mx\/historico\/wp-json\/wp\/v2\/categories?post=170106"},{"taxonomy":"post_tag","embeddable":true,"href":"https:\/\/plazajuarez.mx\/historico\/wp-json\/wp\/v2\/tags?post=170106"}],"curies":[{"name":"wp","href":"https:\/\/api.w.org\/{rel}","templated":true}]}}