{"id":170104,"date":"2021-07-01T20:26:39","date_gmt":"2021-07-02T01:26:39","guid":{"rendered":"https:\/\/plazajuarez.mx\/?p=170104"},"modified":"2021-07-01T20:26:56","modified_gmt":"2021-07-02T01:26:56","slug":"mexico-suma-233-mil-248-muertes-por-covid-19","status":"publish","type":"post","link":"https:\/\/plazajuarez.mx\/historico\/mexico-suma-233-mil-248-muertes-por-covid-19\/","title":{"rendered":"M\u00e9xico suma 233 mil 248 muertes por Covid-19"},"content":{"rendered":"\n<p>En su informe t\u00e9cnico diario, la Secretar\u00eda de Salud inform\u00f3 que, al corte de este jueves 1 de julio, M\u00e9xico lleg\u00f3 a 233 mil 248 defunciones por Covid-19.<\/p>\n\n\n\n<p>Esto significa que el pa\u00eds registr\u00f3 201 muertes por coronavirus, m\u00e1s que el mi\u00e9rcoles.<\/p>\n\n\n\n<p>Adem\u00e1s, el pa\u00eds acumul\u00f3 2 millones 525 mil 350 casos positivos por esta enfermedad, al reportar 6 mil 81 contagios en las \u00faltimas 24 horas. Tambi\u00e9n contabiliz\u00f3 40 mil 965 casos activos y dieron negativo 4 millones 562 mil 316 personas.<\/p>\n\n\n\n<p>Las 10 primeras entidades que acumularon el mayor n\u00famero de contagios son: Ciudad de M\u00e9xico, Estado de M\u00e9xico, Guanajuato, Nuevo Le\u00f3n, Jalisco, Puebla, Sonora, Tabasco, Quer\u00e9taro y Coahuila, que en conjunto conforman m\u00e1s de dos tercios (67%) de todos los casos acumulados en M\u00e9xico.<\/p>\n\n\n\n<p>La Ciudad de M\u00e9xico contin\u00faa siendo la entidad con m\u00e1s casos acumulados del pa\u00eds y representa por s\u00ed sola el 27% de los contagios.<\/p>\n\n\n\n<p>Con estas cifras, M\u00e9xico ocupa el decimoquinto lugar mundial en n\u00famero de contagios y el cuarto puesto como el pa\u00eds con m\u00e1s decesos por la pandemia, detr\u00e1s de Estados Unidos, Brasil y la India, seg\u00fan la Universidad estadounidense Johns Hopkins.<\/p>\n\n\n\n<p>Vacunaci\u00f3n contra Covid-19 en M\u00e9xico. Hasta este jueves, 45 millones 898 mil 210 se han vacunado en M\u00e9xico desde el inicio del plan de vacunaci\u00f3n.<\/p>\n\n\n\n<p>Del total de personas que han recibido al menos un biol\u00f3gico, 19 millones 566 mil 228 cuentan con esquema completo y 11 millones 944 mil 378 con medio esquema.<\/p>\n","protected":false},"excerpt":{"rendered":"<p>En su informe t\u00e9cnico diario, la Secretar\u00eda de Salud inform\u00f3 que, al corte de este jueves 1 de julio, M\u00e9xico lleg\u00f3 a 233 mil 248 defunciones por Covid-19. Esto significa que el pa\u00eds registr\u00f3 201 muertes por coronavirus, m\u00e1s que el mi\u00e9rcoles. Adem\u00e1s, el pa\u00eds acumul\u00f3 2 millones 525 mil 350 casos positivos por esta [&hellip;]<\/p>\n","protected":false},"author":81,"featured_media":167542,"comment_status":"closed","ping_status":"open","sticky":false,"template":"","format":"standard","meta":{"footnotes":""},"categories":[15,36],"tags":[],"class_list":["post-170104","post","type-post","status-publish","format-standard","has-post-thumbnail","hentry","category-destacadas","category-nacion"],"_links":{"self":[{"href":"https:\/\/plazajuarez.mx\/historico\/wp-json\/wp\/v2\/posts\/170104","targetHints":{"allow":["GET"]}}],"collection":[{"href":"https:\/\/plazajuarez.mx\/historico\/wp-json\/wp\/v2\/posts"}],"about":[{"href":"https:\/\/plazajuarez.mx\/historico\/wp-json\/wp\/v2\/types\/post"}],"author":[{"embeddable":true,"href":"https:\/\/plazajuarez.mx\/historico\/wp-json\/wp\/v2\/users\/81"}],"replies":[{"embeddable":true,"href":"https:\/\/plazajuarez.mx\/historico\/wp-json\/wp\/v2\/comments?post=170104"}],"version-history":[{"count":0,"href":"https:\/\/plazajuarez.mx\/historico\/wp-json\/wp\/v2\/posts\/170104\/revisions"}],"wp:featuredmedia":[{"embeddable":true,"href":"https:\/\/plazajuarez.mx\/historico\/wp-json\/wp\/v2\/media\/167542"}],"wp:attachment":[{"href":"https:\/\/plazajuarez.mx\/historico\/wp-json\/wp\/v2\/media?parent=170104"}],"wp:term":[{"taxonomy":"category","embeddable":true,"href":"https:\/\/plazajuarez.mx\/historico\/wp-json\/wp\/v2\/categories?post=170104"},{"taxonomy":"post_tag","embeddable":true,"href":"https:\/\/plazajuarez.mx\/historico\/wp-json\/wp\/v2\/tags?post=170104"}],"curies":[{"name":"wp","href":"https:\/\/api.w.org\/{rel}","templated":true}]}}