{"id":170102,"date":"2021-07-01T20:22:12","date_gmt":"2021-07-02T01:22:12","guid":{"rendered":"https:\/\/plazajuarez.mx\/?p=170102"},"modified":"2021-07-01T20:22:33","modified_gmt":"2021-07-02T01:22:33","slug":"defensa-de-yosstop-desea-que-juez-tome-video-como-tema-periodistico","status":"publish","type":"post","link":"https:\/\/plazajuarez.mx\/historico\/defensa-de-yosstop-desea-que-juez-tome-video-como-tema-periodistico\/","title":{"rendered":"Defensa de YosStop desea que juez tome video como tema period\u00edstico"},"content":{"rendered":"\n<p>Ricardo Cajal, abogado de Yoseline Hoffman, considera que es necesario aclarar en qu\u00e9 consiste el delito por el que se detuvo a la influencer el martes pasado y que es importante para su defensa. En entrevista para EL UNIVERSAL se\u00f1ala que fue por la descripci\u00f3n que hizo para uno de sus videos de YouTube sobre la agresi\u00f3n sexual que vivi\u00f3 Ainara Su\u00e1rez. y no por la posesi\u00f3n del video en el que suceden los hechos.<\/p>\n\n\n\n<p>&#8220;Quisiera aclarar que en varios medios se est\u00e1 hablando que se le acusa de que ella almacen\u00f3, guard\u00f3 y env\u00edo el video. Los \u00fanicos hechos de los que se nos est\u00e1 acusando es que ella describe en su video de &#8216;Pat\u00e9tica generaci\u00f3n&#8217; actos sexuales que involucran a una menor&#8221;, explica.<\/p>\n\n\n\n<p>Estos hechos, detalla, forman parte del delito de pornograf\u00eda infantil, pero como defensa de la influencer considera que no existi\u00f3 un delito pues no se realizaron con un fin lascivo.<\/p>\n\n\n\n<p>&#8220;Cuando sucedieron las cosas nadie sab\u00eda qui\u00e9n era la ni\u00f1a que estaba en el video, ella (Yos) lo coment\u00f3 en contexto de un video de una pelea porque ese hab\u00eda sido el motivo de la pelea, pero no exhibe nunca el video, no pone im\u00e1genes pornogr\u00e1ficas, no reproduce el video, nunca lo da a conocer o lo publicita&#8221;, comenta.<\/p>\n\n\n\n<p>Ricardo Cajal se\u00f1ala que esa conducta al describir el acto sexual la realiz\u00f3 como otros medios de comunicaci\u00f3n en general hacen del tema. En la audiencia que se realizar\u00e1 este lunes tendr\u00e1n que desvirtuar esto en la audiencia.<\/p>\n\n\n\n<p>&#8220;Puedo adelantar que para nosotros no hay delito, hay un tema de comunicaci\u00f3n period\u00edstica. Le guste o no a la gente, la informaci\u00f3n se consume por cualquier red social incluso a trav\u00e9s de una persona que tiene tantos millones de seguidores como lo era Yoseline\u201d.<\/p>\n\n\n\n<p>Yoseline fue detenida en la Ciudad de M\u00e9xico e ingresada al Centro femenil de reinserci\u00f3n social Santa Martha Acatitla.<\/p>\n\n\n\n<p>Espera defensa de YosStop cambiar la visi\u00f3n del juez<\/p>\n\n\n\n<p>Pero \u00bfpor qu\u00e9 detuvieron a la influencer? El abogado comenta que el delito de pornograf\u00eda infantil en todas sus modalidades es considerado grave, pero cree que la modalidad bajo la que se culpa a la creadora conocida como YosStop es de risa.<\/p>\n\n\n\n<p>La defensa de la influencer espera que en la pr\u00f3xima audiencia el juez vea de la misma forma que ellos ven el caso.<\/p>\n\n\n\n<p>&#8220;Quien decide es el juez, pero conf\u00edo en que lo ver\u00e1 de la misma forma que nosotros. El fin que persigue el delito de pornograf\u00eda infantil es el lascivo, yo considero que es la descripci\u00f3n de un acto sexual que involucra menores con finalidades lascivas como lo es las otras conductas: distribuir y generar pornograf\u00eda infantil, cuesti\u00f3n que no existe en este caso&#8221;.<\/p>\n\n\n\n<p>Aunque no puede hablar sobre la comunicaci\u00f3n que ha tenido con la youtuber, comparte que est\u00e1 fuerte y bien, y es probable que la vea ma\u00f1ana dependiendo de las autoridades del reclusorio.<\/p>\n\n\n\n<p>\u00bfD\u00f3nde est\u00e1n los culpables?<\/p>\n\n\n\n<p>La ma\u00f1ana de este jueves, los abogados de Ainara y ella misma formaron parte de una entrevista con la periodista Carmen Aristegui. El abogado de YosStop explica que tambi\u00e9n fue invitado al programa, pero no pudo formar parte.<\/p>\n\n\n\n<p>Sin embargo considera que no fue buena la participaci\u00f3n del equipo que defiende a Ainara.<\/p>\n\n\n\n<p>&#8220;Creo que no ayud\u00f3, siguen en su mismo discurso, yo al final del d\u00eda pregunto a las autoridades: d\u00f3nde est\u00e1n los verdaderos delincuentes, por qu\u00e9 contra ellos no han actuado, no han girado \u00f3rdenes de aprehensi\u00f3n. Hoy lo mencion\u00f3 muy bien el abogado de Ainara, que para ellos hay un tema de justicia especial que es para adolescentes, pero existe ese procedimiento y no veo que haya un despliegue de fuerza de la autoridad como hubo en este caso&#8221;, sentencia.<\/p>\n\n\n\n<p>&#8220;Considero que es la verdadera gente que deb\u00eda estar en prisi\u00f3n y no Yoseline por este tema que ha salido de control&#8221;.<\/p>\n\n\n\n<p>La defensa de Yoseline piensa que el impacto que tiene como figura p\u00fablica y los millones de seguidores que tiene en sus diferentes redes sociales pudo ser un factor en su contra en el tema legal: &#8220;Obviamente cada delito es distinto y amerita distintas pruebas, pero s\u00ed se ve un tema de un poco de l\u00ednea de la autoridad de ir en contra de Yoseline a toda costa, se ve esa intenci\u00f3n de hacer este caso medi\u00e1tico y as\u00ed de sonado involucr\u00e1ndola de esa forma y no as\u00ed a los verdaderos perpetradores&#8221;.<\/p>\n","protected":false},"excerpt":{"rendered":"<p>Ricardo Cajal, abogado de Yoseline Hoffman, considera que es necesario aclarar en qu\u00e9 consiste el delito por el que se detuvo a la influencer el martes pasado y que es importante para su defensa. En entrevista para EL UNIVERSAL se\u00f1ala que fue por la descripci\u00f3n que hizo para uno de sus videos de YouTube sobre [&hellip;]<\/p>\n","protected":false},"author":81,"featured_media":169929,"comment_status":"closed","ping_status":"open","sticky":false,"template":"","format":"standard","meta":{"footnotes":""},"categories":[15,36,38],"tags":[],"class_list":["post-170102","post","type-post","status-publish","format-standard","has-post-thumbnail","hentry","category-destacadas","category-nacion","category-show"],"_links":{"self":[{"href":"https:\/\/plazajuarez.mx\/historico\/wp-json\/wp\/v2\/posts\/170102","targetHints":{"allow":["GET"]}}],"collection":[{"href":"https:\/\/plazajuarez.mx\/historico\/wp-json\/wp\/v2\/posts"}],"about":[{"href":"https:\/\/plazajuarez.mx\/historico\/wp-json\/wp\/v2\/types\/post"}],"author":[{"embeddable":true,"href":"https:\/\/plazajuarez.mx\/historico\/wp-json\/wp\/v2\/users\/81"}],"replies":[{"embeddable":true,"href":"https:\/\/plazajuarez.mx\/historico\/wp-json\/wp\/v2\/comments?post=170102"}],"version-history":[{"count":0,"href":"https:\/\/plazajuarez.mx\/historico\/wp-json\/wp\/v2\/posts\/170102\/revisions"}],"wp:featuredmedia":[{"embeddable":true,"href":"https:\/\/plazajuarez.mx\/historico\/wp-json\/wp\/v2\/media\/169929"}],"wp:attachment":[{"href":"https:\/\/plazajuarez.mx\/historico\/wp-json\/wp\/v2\/media?parent=170102"}],"wp:term":[{"taxonomy":"category","embeddable":true,"href":"https:\/\/plazajuarez.mx\/historico\/wp-json\/wp\/v2\/categories?post=170102"},{"taxonomy":"post_tag","embeddable":true,"href":"https:\/\/plazajuarez.mx\/historico\/wp-json\/wp\/v2\/tags?post=170102"}],"curies":[{"name":"wp","href":"https:\/\/api.w.org\/{rel}","templated":true}]}}