{"id":1701,"date":"2015-03-03T06:00:00","date_gmt":"2015-03-03T06:00:00","guid":{"rendered":"http:\/\/plazajuarez.mx\/index\/index.php\/2015\/03\/03\/futbol-nacional-27\/"},"modified":"2015-03-03T06:00:00","modified_gmt":"2015-03-03T06:00:00","slug":"futbol-nacional-27","status":"publish","type":"post","link":"https:\/\/plazajuarez.mx\/historico\/futbol-nacional-27\/","title":{"rendered":"Futbol Nacional"},"content":{"rendered":"<p><strong>&#8220;Tras choque con arquero no sab\u00eda d\u00f3nde estaba&#8221;, se\u00f1al\u00f3 Oribe Peralta \u00a0 \u00a0 \u00a0 \u00a0\u00a0<\/strong><\/p>\n<p>El delantero Oribe Peralta acepta que \u201cno sab\u00eda d\u00f3nde estaba\u201d, luego del fuerte choque que sufri\u00f3 el s\u00e1bado con el portero de la U. de G., Humberto Hern\u00e1ndez.<\/p>\n<p>  <!--more-->  <\/p>\n<p>\u00a0<\/p>\n<p>\u201cCon el deseo y las ganas de estar ah\u00ed, eso me hizo volver a la cancha, el querer ganar el partido. Pero s\u00ed, en realidad no sab\u00eda d\u00f3nde estaba, no estaba consciente\u201d, dijo en una entrevista televisiva el atacante del Am\u00e9rica.<\/p>\n<p>El domingo, \u201cEl Cepillo\u201d recibi\u00f3 descanso en su casa y este lunes entren\u00f3 por separado en las instalaciones de Coapa. Por la tarde, tiene una visita con el neur\u00f3logo para continuar con el seguimiento m\u00e9dico.<\/p>\n<p>Gustavo Matosas, t\u00e9cnico del Am\u00e9rica, podr\u00eda reservarlo para el duelo de vuelta de los cuartos de final la Liga de Campeones de Concacaf ante Saprissa. Su reaparici\u00f3n de dar\u00eda hasta el s\u00e1bado cuando las \u00c1guilas visiten al Pachuca.<\/p>\n<p>**<\/p>\n<p>\u00a0<\/p>\n<p><strong>\u201cDinho\u201d presume reloj obsequiado por su amigo Lebron James<\/strong><\/p>\n<p>\u00a0<\/p>\n<p>Despu\u00e9s de aclaradas las fotograf\u00edas del jugador de los Gallos Blancos de Quer\u00e9taro, Ronaldinho, en un centro nocturno de Canc\u00fan, el astro brasile\u00f1o presumi\u00f3 en redes sociales un lujoso regalo que le envi\u00f3 el basquetbolista Lebron James.<\/p>\n<p>&#8220;Me encant\u00f3 este regalo! Reloj de edici\u00f3n limitada de mi hermano @KingJames (Lebron James). Gracias, mi amigo!&#8221;, dijo el jugador de Gallos Blancos v\u00eda Twitter.<\/p>\n<p>Ronaldinho fue captado de fiesta en Canc\u00fan y rodeado de mujeres. De acuerdo con el peri\u00f3dico brit\u00e1nico \u201cDaily Mirror\u201d, el futbolista de los Gallos Blancos acudi\u00f3 a un antro en esa ciudad del Caribe mexicano, sin embargo, el club queretano se\u00f1al\u00f3 que esas fotos son de tiempo atr\u00e1s.<\/p>\n<p>***<\/p>\n<p>\u00a0<\/p>\n<p><strong>Ferreti ignora a Pulido<\/strong><\/p>\n<p>\u00a0<\/p>\n<p>Aunque Tigres no se ha cansado de decir que Alan Pulido tiene las puertas abiertas para regresar al club, Ricardo Ferretti no quiso confirmar lo dicho por su Directiva, y se reserv\u00f3 su opini\u00f3n por el pase provisional que recibi\u00f3 el exdelantero de los universitarios para jugar con el Levadiakos de Grecia.<\/p>\n<p>\u00a0<\/p>\n<p>\u201cNo, no me merece ninguna opini\u00f3n (lo de su pase). Lo que dijo la Directiva (de las puertas abiertas) es dicho por la Directiva. No tengo ninguna opini\u00f3n\u201d, declar\u00f3 el timonel.<\/p>\n<p>\u00a0<\/p>\n<p>Respecto al arbitraje que espera para el duelo del pr\u00f3ximo jueves frente a River Plate en la Copa Libertadores, el DT consider\u00f3 que \u201ces una situaci\u00f3n que se comenta en todos lados. En M\u00e9xico es muy hablado, en Argentina, Brasil, en Honduras, Guatemala, en cualquier pa\u00eds es hablado, son personas que tienen que tomar decisiones y muchas veces se equivocan como nosotros nos equivocamos tambi\u00e9n.<\/p>\n<p>\u00a0<\/p>\n<p>\u201cOjal\u00e1 que tampoco sea un arbitraje quir\u00fargico porque he visto que tambi\u00e9n hay, de esos arbitrajes que dices: \u2018h\u00edjole\u2019; aunque un equipo, si pretende lograr cosas, debe estar preparado con una gran estabilidad, con una lucidez t\u00e1ctica muy grande, ser preciso en su posesi\u00f3n de bal\u00f3n, finalizar las jugadas, para que si haya una situaci\u00f3n de \u00e9stas, las puedas superar\u201d, se\u00f1al\u00f3 Ferretti, quien usar\u00eda titulares en dicho encuentro.<\/p>\n<p>\u00a0<\/p>\n","protected":false},"excerpt":{"rendered":"<p>&#8220;Tras choque con arquero no sab\u00eda d\u00f3nde estaba&#8221;, se\u00f1al\u00f3 Oribe Peralta \u00a0 \u00a0 \u00a0 \u00a0\u00a0 El delantero Oribe Peralta acepta que \u201cno sab\u00eda d\u00f3nde estaba\u201d, luego del fuerte choque que sufri\u00f3 el s\u00e1bado con el portero de la U. de G., Humberto Hern\u00e1ndez.<\/p>\n","protected":false},"author":93,"featured_media":0,"comment_status":"open","ping_status":"open","sticky":false,"template":"","format":"standard","meta":{"footnotes":""},"categories":[39],"tags":[],"class_list":["post-1701","post","type-post","status-publish","format-standard","hentry","category-deportiva"],"_links":{"self":[{"href":"https:\/\/plazajuarez.mx\/historico\/wp-json\/wp\/v2\/posts\/1701","targetHints":{"allow":["GET"]}}],"collection":[{"href":"https:\/\/plazajuarez.mx\/historico\/wp-json\/wp\/v2\/posts"}],"about":[{"href":"https:\/\/plazajuarez.mx\/historico\/wp-json\/wp\/v2\/types\/post"}],"author":[{"embeddable":true,"href":"https:\/\/plazajuarez.mx\/historico\/wp-json\/wp\/v2\/users\/93"}],"replies":[{"embeddable":true,"href":"https:\/\/plazajuarez.mx\/historico\/wp-json\/wp\/v2\/comments?post=1701"}],"version-history":[{"count":0,"href":"https:\/\/plazajuarez.mx\/historico\/wp-json\/wp\/v2\/posts\/1701\/revisions"}],"wp:attachment":[{"href":"https:\/\/plazajuarez.mx\/historico\/wp-json\/wp\/v2\/media?parent=1701"}],"wp:term":[{"taxonomy":"category","embeddable":true,"href":"https:\/\/plazajuarez.mx\/historico\/wp-json\/wp\/v2\/categories?post=1701"},{"taxonomy":"post_tag","embeddable":true,"href":"https:\/\/plazajuarez.mx\/historico\/wp-json\/wp\/v2\/tags?post=1701"}],"curies":[{"name":"wp","href":"https:\/\/api.w.org\/{rel}","templated":true}]}}