{"id":170099,"date":"2021-07-01T20:03:09","date_gmt":"2021-07-02T01:03:09","guid":{"rendered":"https:\/\/plazajuarez.mx\/?p=170099"},"modified":"2021-07-01T20:03:34","modified_gmt":"2021-07-02T01:03:34","slug":"detenidos-dos-presuntos-asesinos-de-francisco-javier-barajas-pina","status":"publish","type":"post","link":"https:\/\/plazajuarez.mx\/historico\/detenidos-dos-presuntos-asesinos-de-francisco-javier-barajas-pina\/","title":{"rendered":"Detenidos dos presuntos asesinos de Francisco Javier Barajas Pi\u00f1a"},"content":{"rendered":"\n<p>Dos de los presuntos asesinos de Francisco Javier Barajas Pi\u00f1a, funcionario de la Comisi\u00f3n de B\u00fasqueda de Personas Desaparecidas en el estado mexicano de Guanajuato, centro del pa\u00eds, fueron detenidos, informaron autoridades locales este jueves.<\/p>\n\n\n\n<p>&#8220;Los detenidos est\u00e1n vinculados a diversos eventos criminales y cuentan con m\u00faltiples \u00f3rdenes de aprehensi\u00f3n&#8221;, inform\u00f3 la Fiscal\u00eda General del Estado a trav\u00e9s de un comunicado.<\/p>\n\n\n\n<p>Los detenidos portaban un arma de fuego, cartuchos \u00fatiles, droga y dinero en efectivo.<\/p>\n\n\n\n<p>Asimismo, cuentan con historial de otros delitos de homicidio y desaparici\u00f3n de personas, que ya son motivo de investigaci\u00f3n por el Ministerio P\u00fablico.<\/p>\n\n\n\n<p>Barajas Pi\u00f1a se uni\u00f3 a las tareas de b\u00fasqueda de personas a partir de que su hermana Guadalupe, quien era maestra de primaria, fuera reportada como desaparecida el 29 de febrero de 2020, en el municipio de Salvatierra, en Guanajuato.<\/p>\n\n\n\n<p>Los restos de Guadalupe fueron encontrados en una fosa clandestina en ese mismo municipio a finales de octubre del a\u00f1o pasado, aunque fue hasta febrero cuando la Fiscal\u00eda local identific\u00f3 oficialmente su cuerpo.<\/p>\n\n\n\n<p>Sin embargo, su hermano Javier sigui\u00f3 participando en los trabajos que llevan a cabo diversos colectivos de familiares de personas desaparecidas, lo cual a la postre lo llev\u00f3 a ser integrado a la Comisi\u00f3n Estatal de B\u00fasqueda de Guanajuato.<\/p>\n\n\n\n<p>Pero Barajas Pi\u00f1a fue asesinado a balazos el 29 de mayo en la zona centro del municipio de Salvatierra.<\/p>\n\n\n\n<p>Su asesinato deriv\u00f3 en que la Oficina en M\u00e9xico del Alto Comisionado de las Naciones Unidas para los Derechos Humanos (ONU-DH) condenara el hecho e hiciera un llamado al Gobierno de Guanajuato para su esclarecimiento.<\/p>\n\n\n\n<p>Guillermo Fern\u00e1ndez-Maldonado, representante de la ONU-DH en M\u00e9xico, indic\u00f3 en su momento que el asesinato del activista era &#8220;particularmente grave&#8221; debido a que podr\u00eda estar vinculado con sus actividades de b\u00fasqueda en la entidad.<\/p>\n\n\n\n<p>Adem\u00e1s, advirti\u00f3 que esto podr\u00eda tener un efecto intimidatorio sobre autoridades y colectivos que se dedican a la b\u00fasqueda de personas desaparecidas.<\/p>\n\n\n\n<p>Este jueves, la Fiscal\u00eda del estado inform\u00f3 que, en colaboraci\u00f3n con la Secretar\u00eda de la Defensa Nacional (Sedena), la Guardia Nacional y la Secretar\u00eda de Seguridad P\u00fablica de Guanajuato, capturaron a dos de los presuntos responsables.<\/p>\n\n\n\n<p>&#8220;Se ha logrado la captura de Rafael &#8220;N&#8221; y C\u00e9sar Enrique &#8220;N&#8221;, quienes ser\u00e1n presentados ante un juez en las siguientes horas, para formular imputaci\u00f3n y solicitar su vinculaci\u00f3n a proceso&#8221;, detall\u00f3 la Fiscal\u00eda.<\/p>\n","protected":false},"excerpt":{"rendered":"<p>Dos de los presuntos asesinos de Francisco Javier Barajas Pi\u00f1a, funcionario de la Comisi\u00f3n de B\u00fasqueda de Personas Desaparecidas en el estado mexicano de Guanajuato, centro del pa\u00eds, fueron detenidos, informaron autoridades locales este jueves. &#8220;Los detenidos est\u00e1n vinculados a diversos eventos criminales y cuentan con m\u00faltiples \u00f3rdenes de aprehensi\u00f3n&#8221;, inform\u00f3 la Fiscal\u00eda General del [&hellip;]<\/p>\n","protected":false},"author":80,"featured_media":170100,"comment_status":"closed","ping_status":"open","sticky":false,"template":"","format":"standard","meta":{"footnotes":""},"categories":[15,36],"tags":[],"class_list":["post-170099","post","type-post","status-publish","format-standard","has-post-thumbnail","hentry","category-destacadas","category-nacion"],"_links":{"self":[{"href":"https:\/\/plazajuarez.mx\/historico\/wp-json\/wp\/v2\/posts\/170099","targetHints":{"allow":["GET"]}}],"collection":[{"href":"https:\/\/plazajuarez.mx\/historico\/wp-json\/wp\/v2\/posts"}],"about":[{"href":"https:\/\/plazajuarez.mx\/historico\/wp-json\/wp\/v2\/types\/post"}],"author":[{"embeddable":true,"href":"https:\/\/plazajuarez.mx\/historico\/wp-json\/wp\/v2\/users\/80"}],"replies":[{"embeddable":true,"href":"https:\/\/plazajuarez.mx\/historico\/wp-json\/wp\/v2\/comments?post=170099"}],"version-history":[{"count":0,"href":"https:\/\/plazajuarez.mx\/historico\/wp-json\/wp\/v2\/posts\/170099\/revisions"}],"wp:featuredmedia":[{"embeddable":true,"href":"https:\/\/plazajuarez.mx\/historico\/wp-json\/wp\/v2\/media\/170100"}],"wp:attachment":[{"href":"https:\/\/plazajuarez.mx\/historico\/wp-json\/wp\/v2\/media?parent=170099"}],"wp:term":[{"taxonomy":"category","embeddable":true,"href":"https:\/\/plazajuarez.mx\/historico\/wp-json\/wp\/v2\/categories?post=170099"},{"taxonomy":"post_tag","embeddable":true,"href":"https:\/\/plazajuarez.mx\/historico\/wp-json\/wp\/v2\/tags?post=170099"}],"curies":[{"name":"wp","href":"https:\/\/api.w.org\/{rel}","templated":true}]}}