{"id":170095,"date":"2021-07-01T15:42:39","date_gmt":"2021-07-01T20:42:39","guid":{"rendered":"https:\/\/plazajuarez.mx\/?p=170095"},"modified":"2021-07-01T15:46:46","modified_gmt":"2021-07-01T20:46:46","slug":"solicitara-clero-a-gobernador-ejerza-su-derecho-al-veto","status":"publish","type":"post","link":"https:\/\/plazajuarez.mx\/historico\/solicitara-clero-a-gobernador-ejerza-su-derecho-al-veto\/","title":{"rendered":"Solicitar\u00e1 clero a gobernador ejerza su derecho al veto"},"content":{"rendered":"\n<p>La Iglesia Cat\u00f3lica solicitar\u00e1 al gobernador de Hidalgo que ejerza su derecho al veto, respecto la aprobaci\u00f3n de la iniciativa de reforma al C\u00f3digo Penal del Hidalgo y a la Ley Estatal de Salud, que permite la Interrupci\u00f3n Legal del Embarazo (ILE) antes de las 12 semanas de gestaci\u00f3n.<\/p>\n\n\n\n<p>En conferencia virtual encabezada por el arzobispo de Tulancingo, Domingo D\u00edaz Mart\u00ednez, la iglesia cat\u00f3lica asegur\u00f3 que la aprobaci\u00f3n de esta reforma, no la pidieron ni la comparten la mayor\u00eda de los hidalguenses.<\/p>\n\n\n\n<p>Acompa\u00f1ado por el Monse\u00f1or Juan Pedro Ju\u00e1rez, y el presb\u00edtero Marciano Reyes Garc\u00eda, expusieron su posicionamiento antes lo sucedido en el Congreso Local el pasado 30 de junio.<\/p>\n\n\n\n<p>Los cl\u00e9rigos expresaron que recibieron la noticia de la aprobaci\u00f3n con gran preocupaci\u00f3n y tristeza, ya que consideran que fue de manera precipitada, y que desprecia y pone en riesgo el derecho humano fundamental reconocido y avalado en todos los tratados internacionales, como un derecho universal, especialmente de los m\u00e1s indefensos.<\/p>\n\n\n\n<p>\u201cNo hace falta recordar que, para nosotros, la vida es un regalo de Dios y que todos los cat\u00f3licos al igual que las personas de bien, tenemos un deber moral en la defensa de la vida humana de los inocentes, desde el momento de su concepci\u00f3n hasta su fin natural\u201d, expresaron.<\/p>\n\n\n\n<p>\u201cConsideramos que, aunque los legisladores de nuestro estado han recibido en su investidura la leg\u00edtima representaci\u00f3n de las necesidades de la ciudadan\u00eda, una alta responsabilidad \u00e9tica y democr\u00e1tica les exige escuchar el verdadero clamor de la poblaci\u00f3n que pide se atiendan necesidades m\u00e1s urgentes. Y una ley que legalice el aborto no es una petici\u00f3n de los hidalguenses\u201d, aseguraron.<\/p>\n\n\n\n<p>A\u00f1adieron que por desgracia, los legisladores que apresuraron y votaron dicho dictamen de ley, han ca\u00eddo en la trampa que otros intereses ajenos a la identidad de del pueblo y del estado les han colocado, y cuyo escarnio s\u00f3lo afectar\u00e1 a quienes no quisieron o no les permitieron escuchar al pueblo hidalguense.<\/p>\n\n\n\n<p>Nuestro amado estado y nuestros hermanos hidalguenses, afirmaron, creen en la vida, la aprecian y la respetan; comprenden que, frente a las adversidades que tienen muchas mujeres durante su embarazo, son necesarias acciones e instituciones que las protejan, las cuiden a ellas y a la criatura en su seno. El aborto legalizado simplemente destruye una vida y afecta sensiblemente a la madre.<\/p>\n\n\n\n<p>\u201cAnte la magnitud de esta situaci\u00f3n derivada de la votaci\u00f3n en el Congreso, suplicamos de la manera m\u00e1s respetuosa al se\u00f1or gobernador del estado, medite concienzuda y profundamente sobre las implicaciones que esta decisi\u00f3n legislativa pudiera generar en nuestro pueblo de Hidalgo, ya que una resoluci\u00f3n de esta trascendencia, que cambia el valor de la vida de todos los hidalguenses, no puede ser legislada sin escuchar al pueblo\u201d, comentaron.<\/p>\n\n\n\n<p>Los representantes de la Iglesia Cat\u00f3lica se dirigieron al gobernador Omar Fayad Meses, se\u00f1al\u00e1ndole que en sus manos est\u00e1 la posibilidad de escuchar a todos sus conciudadanos y ejercer su derecho al veto en una resoluci\u00f3n que no comparten la mayor\u00eda de los hidalguenses.<\/p>\n\n\n\n<p>Finalmente, el Arzobispo Domingo D\u00edaz Mart\u00ednez, asegur\u00f3 que ya est\u00e1n organizando los documentos y la informaci\u00f3n requerida para entr\u00e9gasela al se\u00f1or gobernador, a trav\u00e9s de un abogado que les representa y est\u00e1 llevando el caso adelante, y espera que sean escuchados por el mandatario estatal<\/p>\n","protected":false},"excerpt":{"rendered":"<p>La Iglesia Cat\u00f3lica solicitar\u00e1 al gobernador de Hidalgo que ejerza su derecho al veto, respecto la aprobaci\u00f3n de la iniciativa de reforma al C\u00f3digo Penal del Hidalgo y a la Ley Estatal de Salud, que permite la Interrupci\u00f3n Legal del Embarazo (ILE) antes de las 12 semanas de gestaci\u00f3n. En conferencia virtual encabezada por el [&hellip;]<\/p>\n","protected":false},"author":70,"featured_media":170096,"comment_status":"closed","ping_status":"open","sticky":false,"template":"","format":"standard","meta":{"footnotes":""},"categories":[15,40],"tags":[],"class_list":["post-170095","post","type-post","status-publish","format-standard","has-post-thumbnail","hentry","category-destacadas","category-region"],"_links":{"self":[{"href":"https:\/\/plazajuarez.mx\/historico\/wp-json\/wp\/v2\/posts\/170095","targetHints":{"allow":["GET"]}}],"collection":[{"href":"https:\/\/plazajuarez.mx\/historico\/wp-json\/wp\/v2\/posts"}],"about":[{"href":"https:\/\/plazajuarez.mx\/historico\/wp-json\/wp\/v2\/types\/post"}],"author":[{"embeddable":true,"href":"https:\/\/plazajuarez.mx\/historico\/wp-json\/wp\/v2\/users\/70"}],"replies":[{"embeddable":true,"href":"https:\/\/plazajuarez.mx\/historico\/wp-json\/wp\/v2\/comments?post=170095"}],"version-history":[{"count":0,"href":"https:\/\/plazajuarez.mx\/historico\/wp-json\/wp\/v2\/posts\/170095\/revisions"}],"wp:featuredmedia":[{"embeddable":true,"href":"https:\/\/plazajuarez.mx\/historico\/wp-json\/wp\/v2\/media\/170096"}],"wp:attachment":[{"href":"https:\/\/plazajuarez.mx\/historico\/wp-json\/wp\/v2\/media?parent=170095"}],"wp:term":[{"taxonomy":"category","embeddable":true,"href":"https:\/\/plazajuarez.mx\/historico\/wp-json\/wp\/v2\/categories?post=170095"},{"taxonomy":"post_tag","embeddable":true,"href":"https:\/\/plazajuarez.mx\/historico\/wp-json\/wp\/v2\/tags?post=170095"}],"curies":[{"name":"wp","href":"https:\/\/api.w.org\/{rel}","templated":true}]}}