{"id":170087,"date":"2021-07-01T12:39:11","date_gmt":"2021-07-01T17:39:11","guid":{"rendered":"https:\/\/plazajuarez.mx\/?p=170087"},"modified":"2021-07-01T12:39:34","modified_gmt":"2021-07-01T17:39:34","slug":"a-todo-el-pueblo-de-mexico-gracias-por-la-confianza","status":"publish","type":"post","link":"https:\/\/plazajuarez.mx\/historico\/a-todo-el-pueblo-de-mexico-gracias-por-la-confianza\/","title":{"rendered":"&#8220;A todo el pueblo de M\u00e9xico, gracias por la confianza&#8221;"},"content":{"rendered":"\n<p>Tras un informe de 39 minutos y al ser interrumpido con aplausos en cuatro ocasiones, el presidente Andr\u00e9s Manuel L\u00f3pez Obrador finaliz\u00f3 su mensaje en Palacio Nacional, con motivo del tercer a\u00f1o de su victoria electoral, en donde agradeci\u00f3 a la poblaci\u00f3n por refrendar su confianza en \u00e9l, y en donde asegur\u00f3 que no los traicionar\u00e1.<br><br>En el Patio de Honor de Palacio Nacional, acompa\u00f1ado por alrededor de 40 integrantes de su gabinete legal y ampliado, L\u00f3pez Obrador expres\u00f3: &#8220;A todo el pueblo de M\u00e9xico, gracias por refrendar su confianza en mi persona. Repito, yo siempre estar\u00e9 a la altura de ustedes y nunca jam\u00e1s los traicionar\u00e9. Gracias, gracias, gracias, de todo coraz\u00f3n&#8221;, coment\u00f3.<br><br>Asimismo, asegur\u00f3 que existe gobernabilidad en el pa\u00eds, no se han registrado asaltos al comercio ni actos de vandalismo por hambre y dijo que &#8220;en seguridad p\u00fablica hemos avanzando a\u00fan con la complejidad del problema que heredamos&#8221;.<br><br>Insisti\u00f3 en que los problemas de inseguridad fueron heredados ya que estaban integradas las bandas y grupos delictivos cuando llegamos; &#8220;no creo que se hayan integrado nuevos grupos&#8221;, dijo.<br><br>Mencion\u00f3 a los c\u00e1rteles de Jalisco, del Pac\u00edfico y de Guanajuato y expuso que su gobierno lo est\u00e1 enfrentando no declarando la guerra sino con m\u00e9todos m\u00e1s humanos y eficaces para evitar que los j\u00f3venes tomen el camino de la delincuencia.<\/p>\n\n\n\n<iframe loading=\"lazy\" src=\"https:\/\/www.facebook.com\/plugins\/video.php?height=314&#038;href=https%3A%2F%2Fwww.facebook.com%2Flopezobrador.org.mx%2Fvideos%2F569015967421666%2F&#038;show_text=false&#038;width=560&#038;t=0\" width=\"560\" height=\"314\" style=\"border:none;overflow:hidden\" scrolling=\"no\" frameborder=\"0\" allowfullscreen=\"true\" allow=\"autoplay; clipboard-write; encrypted-media; picture-in-picture; web-share\" allowFullScreen=\"true\"><\/iframe>\n","protected":false},"excerpt":{"rendered":"<p>Tras un informe de 39 minutos y al ser interrumpido con aplausos en cuatro ocasiones, el presidente Andr\u00e9s Manuel L\u00f3pez Obrador finaliz\u00f3 su mensaje en Palacio Nacional, con motivo del tercer a\u00f1o de su victoria electoral, en donde agradeci\u00f3 a la poblaci\u00f3n por refrendar su confianza en \u00e9l, y en donde asegur\u00f3 que no los [&hellip;]<\/p>\n","protected":false},"author":81,"featured_media":157935,"comment_status":"closed","ping_status":"open","sticky":false,"template":"","format":"standard","meta":{"footnotes":""},"categories":[15,36],"tags":[],"class_list":["post-170087","post","type-post","status-publish","format-standard","has-post-thumbnail","hentry","category-destacadas","category-nacion"],"_links":{"self":[{"href":"https:\/\/plazajuarez.mx\/historico\/wp-json\/wp\/v2\/posts\/170087","targetHints":{"allow":["GET"]}}],"collection":[{"href":"https:\/\/plazajuarez.mx\/historico\/wp-json\/wp\/v2\/posts"}],"about":[{"href":"https:\/\/plazajuarez.mx\/historico\/wp-json\/wp\/v2\/types\/post"}],"author":[{"embeddable":true,"href":"https:\/\/plazajuarez.mx\/historico\/wp-json\/wp\/v2\/users\/81"}],"replies":[{"embeddable":true,"href":"https:\/\/plazajuarez.mx\/historico\/wp-json\/wp\/v2\/comments?post=170087"}],"version-history":[{"count":0,"href":"https:\/\/plazajuarez.mx\/historico\/wp-json\/wp\/v2\/posts\/170087\/revisions"}],"wp:featuredmedia":[{"embeddable":true,"href":"https:\/\/plazajuarez.mx\/historico\/wp-json\/wp\/v2\/media\/157935"}],"wp:attachment":[{"href":"https:\/\/plazajuarez.mx\/historico\/wp-json\/wp\/v2\/media?parent=170087"}],"wp:term":[{"taxonomy":"category","embeddable":true,"href":"https:\/\/plazajuarez.mx\/historico\/wp-json\/wp\/v2\/categories?post=170087"},{"taxonomy":"post_tag","embeddable":true,"href":"https:\/\/plazajuarez.mx\/historico\/wp-json\/wp\/v2\/tags?post=170087"}],"curies":[{"name":"wp","href":"https:\/\/api.w.org\/{rel}","templated":true}]}}