{"id":170080,"date":"2021-07-01T11:04:12","date_gmt":"2021-07-01T16:04:12","guid":{"rendered":"https:\/\/plazajuarez.mx\/?p=170080"},"modified":"2021-07-01T11:05:50","modified_gmt":"2021-07-01T16:05:50","slug":"mexico-y-francia-se-unen-contra-el-trafico-ilicito-de-bienes-culturales","status":"publish","type":"post","link":"https:\/\/plazajuarez.mx\/historico\/mexico-y-francia-se-unen-contra-el-trafico-ilicito-de-bienes-culturales\/","title":{"rendered":"M\u00e9xico y Francia se unen contra el tr\u00e1fico il\u00edcito de bienes culturales"},"content":{"rendered":"\n<p>M\u00e9xico y Francia firmaron este jueves un convenio contra el comercio il\u00edcito de bienes culturales, que el Gobierno mexicano califica de paso importante para la recuperaci\u00f3n de su patrimonio nacional.<\/p>\n\n\n\n<p>Su firma por parte del ministro franc\u00e9s de Exteriores, Jean-Yves Le Drian, y de su hom\u00f3logo mexicano, Marcelo Ebrard, tiene lugar en el marco de la visita que el canciller inici\u00f3 el mi\u00e9rcoles a Francia y clausura este viernes.<\/p>\n\n\n\n<p>&#8220;La recuperaci\u00f3n y protecci\u00f3n de los bienes culturales es una gran causa para nosotros y me da mucho gusto que Francia nos acompa\u00f1e en esta ocasi\u00f3n y respalde esta iniciativa&#8221;, dijo Ebrard en una conferencia de prensa conjunta al t\u00e9rmino de su reuni\u00f3n bilateral.<\/p>\n\n\n\n<p>Con este convenio, tal y como detall\u00f3, se har\u00e1 un cat\u00e1logo com\u00fan de las piezas o el patrimonio que m\u00e1s le preocupan a M\u00e9xico y habr\u00e1 acciones conjuntas con el Ministerio franc\u00e9s del Interior, que tiene un \u00e1rea especializada en tr\u00e1fico il\u00edcito de patrimonio cultural.<\/p>\n\n\n\n<p>Seg\u00fan Ebrard, el acuerdo alcanzado permitir\u00e1 a los dos pa\u00edses informar a todo el sector cultural de las reglas y normas que se deben observar al respeto.<\/p>\n\n\n\n<p>&#8220;Es el resultado de un camino en com\u00fan&#8221; a\u00f1adi\u00f3 su hom\u00f3logo franc\u00e9s, para quien pese a que ambos pa\u00edses tienen reglamentos diferentes y no siempre concordantes, hay &#8220;una gran voluntad de actuar juntos sobre este tema&#8221;<\/p>\n\n\n\n<p>Ese deseo de colaboraci\u00f3n se refleja tambi\u00e9n en el futuro env\u00edo a M\u00e9xico de bienes culturales para el bicentenario de la independencia mexicana.<\/p>\n\n\n\n<p>&#8220;Ser\u00e1 seguramente una de las m\u00e1s importantes aportaciones para este objetivo de que nuestro patrimonio hist\u00f3rico y cultural tenga un espacio especial durante estas conmemoraciones&#8221;, recalc\u00f3 Ebrard en el Ministerio galo de Exteriores.<\/p>\n\n\n\n<p>El convenio alcanzado establece mecanismos para conseguir &#8220;dificultar al m\u00e1ximo el comercio il\u00edcito de piezas importantes para el patrimonio hist\u00f3rico y cultural de M\u00e9xico&#8221;, sostuvo el canciller mexicano.<\/p>\n\n\n\n<p>La relaci\u00f3n entre los dos pa\u00edses, que esta semana coorganizan en Par\u00eds el Foro Generaci\u00f3n Igualdad en favor de la igualdad de g\u00e9nero, atraviesa su mejor momento, recalcaron ambos.<\/p>\n\n\n\n<p>&#8220;M\u00e9xico es para Francia un amigo y un socio estrat\u00e9gico en la escena internacional. Lo es porque compartimos valores y porque tenemos miradas convergentes sobre los grandes desaf\u00edos de la actualidad&#8221;, dijo Le Drian.<\/p>\n\n\n\n<p>La relaci\u00f3n bilateral se lleva tambi\u00e9n al \u00e1mbito europeo y en esa l\u00ednea el ministro franc\u00e9s esper\u00f3 que pueda firmarse r\u00e1pidamente la versi\u00f3n modernizada del Tratado de Libre Comercio entre M\u00e9xico y Europa (TLCUEM).<\/p>\n\n\n\n<p>&#8220;Ha sido bien negociado, es un buen acuerdo, importa que pueda ser ratificado&#8221;, afirm\u00f3 el ministro franc\u00e9s.<\/p>\n\n\n\n<p>Su conversaci\u00f3n conjunta abord\u00f3 igualmente la lucha contra la pandemia y Le Drian avanz\u00f3 que M\u00e9xico y Francia trabajan en la creaci\u00f3n de un laboratorio en M\u00e9rida en la que cient\u00edficos mexicanos y franceses estudiar\u00e1n el v\u00ednculo entre erosi\u00f3n de la biodiversidad y el surgimiento de epidemias.&nbsp;<\/p>\n","protected":false},"excerpt":{"rendered":"<p>M\u00e9xico y Francia firmaron este jueves un convenio contra el comercio il\u00edcito de bienes culturales, que el Gobierno mexicano califica de paso importante para la recuperaci\u00f3n de su patrimonio nacional. Su firma por parte del ministro franc\u00e9s de Exteriores, Jean-Yves Le Drian, y de su hom\u00f3logo mexicano, Marcelo Ebrard, tiene lugar en el marco de [&hellip;]<\/p>\n","protected":false},"author":80,"featured_media":170081,"comment_status":"closed","ping_status":"open","sticky":false,"template":"","format":"standard","meta":{"footnotes":""},"categories":[15,36],"tags":[],"class_list":["post-170080","post","type-post","status-publish","format-standard","has-post-thumbnail","hentry","category-destacadas","category-nacion"],"_links":{"self":[{"href":"https:\/\/plazajuarez.mx\/historico\/wp-json\/wp\/v2\/posts\/170080","targetHints":{"allow":["GET"]}}],"collection":[{"href":"https:\/\/plazajuarez.mx\/historico\/wp-json\/wp\/v2\/posts"}],"about":[{"href":"https:\/\/plazajuarez.mx\/historico\/wp-json\/wp\/v2\/types\/post"}],"author":[{"embeddable":true,"href":"https:\/\/plazajuarez.mx\/historico\/wp-json\/wp\/v2\/users\/80"}],"replies":[{"embeddable":true,"href":"https:\/\/plazajuarez.mx\/historico\/wp-json\/wp\/v2\/comments?post=170080"}],"version-history":[{"count":0,"href":"https:\/\/plazajuarez.mx\/historico\/wp-json\/wp\/v2\/posts\/170080\/revisions"}],"wp:featuredmedia":[{"embeddable":true,"href":"https:\/\/plazajuarez.mx\/historico\/wp-json\/wp\/v2\/media\/170081"}],"wp:attachment":[{"href":"https:\/\/plazajuarez.mx\/historico\/wp-json\/wp\/v2\/media?parent=170080"}],"wp:term":[{"taxonomy":"category","embeddable":true,"href":"https:\/\/plazajuarez.mx\/historico\/wp-json\/wp\/v2\/categories?post=170080"},{"taxonomy":"post_tag","embeddable":true,"href":"https:\/\/plazajuarez.mx\/historico\/wp-json\/wp\/v2\/tags?post=170080"}],"curies":[{"name":"wp","href":"https:\/\/api.w.org\/{rel}","templated":true}]}}