{"id":170018,"date":"2021-07-01T10:02:54","date_gmt":"2021-07-01T15:02:54","guid":{"rendered":"https:\/\/plazajuarez.mx\/?p=170018"},"modified":"2021-07-01T10:10:06","modified_gmt":"2021-07-01T15:10:06","slug":"energico-rechazo-a-peleas-de-gallo-como-patrimonio-cultural","status":"publish","type":"post","link":"https:\/\/plazajuarez.mx\/historico\/energico-rechazo-a-peleas-de-gallo-como-patrimonio-cultural\/","title":{"rendered":"En\u00e9rgico rechazo a Peleas de Gallo como Patrimonio Cultural"},"content":{"rendered":"\n<p>En entrevista para Diario Plaza Ju\u00e1rez, Jonathan Job, presidente de la Asociaci\u00f3n Civil Biofutura, expres\u00f3, luego de que en el congreso declararan las Peleas de Gallo como Patrimonio Cultural Inmaterial, que tomar\u00e1n acciones a trav\u00e9s de un amparo y mencion\u00f3 que ingresaron \u201cdesde hace tiempo unos escritos solicitando el veto por parte del gobierno estatal por si se presentaba esta declaratoria\u201d.<\/p>\n\n\n\n<p>Lament\u00f3 que esta acci\u00f3n se diera en el contexto de la pandemia, porque \u201cestamos as\u00ed por la explotaci\u00f3n de los animales, ellos [diputados] votan a favor de seguir explot\u00e1ndolos y llevarlos hasta la muerte por una diversi\u00f3n, promocionar la violencia y de tener un estado retr\u00f3grada\u201d.&nbsp;<\/p>\n\n\n\n<p>Declar\u00f3 que la sociedad hidalguense no es aficionada a los gallos y que \u201crealmente nuestro patrimonio cultural son las danzas ancestrales, nuestras tradiciones que tenemos en la huasteca, la sierra, cosas que no transgreden la vida de otro ser y que no promueven la violencia\u201d.<\/p>\n\n\n\n<p>Asever\u00f3 que en el 2019 ellos tuvieron un acercamiento con los diputados y diputadas donde les explicaron y entregaron escritos de manera espec\u00edfica y especializada sobre \u201cel grado de violencia que generan estas peleas de gallos, los traumas que generan a los infantes y a las mismas personas que est\u00e1n ah\u00ed, que promueven la violencia\u201d.&nbsp;<\/p>\n\n\n\n<p>As\u00ed mismo, dijo que detallaron por qu\u00e9 esta no es una tradici\u00f3n mexicana.<\/p>\n","protected":false},"excerpt":{"rendered":"<p>En entrevista para Diario Plaza Ju\u00e1rez, Jonathan Job, presidente de la Asociaci\u00f3n Civil Biofutura, expres\u00f3, luego de que en el congreso declararan las Peleas de Gallo como Patrimonio Cultural Inmaterial, que tomar\u00e1n acciones a trav\u00e9s de un amparo y mencion\u00f3 que ingresaron \u201cdesde hace tiempo unos escritos solicitando el veto por parte del gobierno estatal [&hellip;]<\/p>\n","protected":false},"author":101,"featured_media":170027,"comment_status":"closed","ping_status":"open","sticky":false,"template":"","format":"standard","meta":{"footnotes":""},"categories":[59],"tags":[],"class_list":["post-170018","post","type-post","status-publish","format-standard","has-post-thumbnail","hentry","category-general"],"_links":{"self":[{"href":"https:\/\/plazajuarez.mx\/historico\/wp-json\/wp\/v2\/posts\/170018","targetHints":{"allow":["GET"]}}],"collection":[{"href":"https:\/\/plazajuarez.mx\/historico\/wp-json\/wp\/v2\/posts"}],"about":[{"href":"https:\/\/plazajuarez.mx\/historico\/wp-json\/wp\/v2\/types\/post"}],"author":[{"embeddable":true,"href":"https:\/\/plazajuarez.mx\/historico\/wp-json\/wp\/v2\/users\/101"}],"replies":[{"embeddable":true,"href":"https:\/\/plazajuarez.mx\/historico\/wp-json\/wp\/v2\/comments?post=170018"}],"version-history":[{"count":0,"href":"https:\/\/plazajuarez.mx\/historico\/wp-json\/wp\/v2\/posts\/170018\/revisions"}],"wp:featuredmedia":[{"embeddable":true,"href":"https:\/\/plazajuarez.mx\/historico\/wp-json\/wp\/v2\/media\/170027"}],"wp:attachment":[{"href":"https:\/\/plazajuarez.mx\/historico\/wp-json\/wp\/v2\/media?parent=170018"}],"wp:term":[{"taxonomy":"category","embeddable":true,"href":"https:\/\/plazajuarez.mx\/historico\/wp-json\/wp\/v2\/categories?post=170018"},{"taxonomy":"post_tag","embeddable":true,"href":"https:\/\/plazajuarez.mx\/historico\/wp-json\/wp\/v2\/tags?post=170018"}],"curies":[{"name":"wp","href":"https:\/\/api.w.org\/{rel}","templated":true}]}}