{"id":170006,"date":"2021-07-01T11:00:33","date_gmt":"2021-07-01T16:00:33","guid":{"rendered":"https:\/\/plazajuarez.mx\/?p=170006"},"modified":"2021-07-01T11:01:03","modified_gmt":"2021-07-01T16:01:03","slug":"jamie-lee-curtis-recibira-el-leon-de-oro-a-su-carrera-en-la-mostra-de-venecia","status":"publish","type":"post","link":"https:\/\/plazajuarez.mx\/historico\/jamie-lee-curtis-recibira-el-leon-de-oro-a-su-carrera-en-la-mostra-de-venecia\/","title":{"rendered":"Jamie Lee Curtis recibir\u00e1 el Le\u00f3n de Oro a su carrera en la Mostra de Venecia"},"content":{"rendered":"\n<p>La actriz estadounidense Jamie Lee Curtis recibir\u00e1 el Le\u00f3n de Oro a la carrera en la 78\u00aa edici\u00f3n del Festival de Cine de Venecia, que se celebrar\u00e1 del 1 al 11 de septiembre, informaron los organizadores.<\/p>\n\n\n\n<p>La entrega del galard\u00f3n tendr\u00e1 lugar el 8 de septiembre en la Sala Grande del Palazzo del Cinema, en el Lido de Venecia, antes de la proyecci\u00f3n fuera de competici\u00f3n de &#8220;Halloween Kills&#8221;, dirigida por David Gordon Green y protagonizada por la propia Curtis.<\/p>\n\n\n\n<p>El director de la Mostra, Alberto Barbera, ha se\u00f1alado en una nota que &#8220;Curtis pertenece a ese enrarecido grupo de actrices y actores de Hollywood capaces de ofrecer la encarnaci\u00f3n m\u00e1s convincente de todas esas cualidades que representan el alma del gran cine mundial&#8221;.<\/p>\n\n\n\n<p>Por su parte, la actriz estadounidense ha agradecido el reconocimiento y se ha mostrado sorprendida de haber &#8220;estado en el negocio del cine el tiempo suficiente para recibir un premio&#8221; a la trayectoria.<\/p>\n\n\n\n<p>Hija de dos grandes figuras del celuloide, Tony Curtis y Janet Leigh, la protagonista de pel\u00edculas como &#8220;True Lies&#8221; (&#8220;Mentiras arriesgadas&#8221;), de James Cameron, &#8220;es la encarnaci\u00f3n natural de la estrella capaz de asumir los papeles de una actriz vers\u00e1til, con gran carisma y una personalidad poco com\u00fan&#8221;, han destacado los responsables del festival veneciano.<\/p>\n\n\n\n<p>Y han recordado que su carrera de cuatro d\u00e9cadas comenz\u00f3 con el deslumbrante debut de la cinta de terror &#8220;Halloween&#8221;, que se convirti\u00f3 en un cl\u00e1sico e incluye m\u00e1s de cuarenta pel\u00edculas.<\/p>\n\n\n\n<p>Adem\u00e1s de la legendaria saga de &#8220;Halloween&#8221;, Curtis tambi\u00e9n ha formado parte de los repartos de comedias como &#8220;A Fish Called Wanda&#8221; (&#8220;Un pez llamado Wanda&#8221;) o &#8220;freaky Friday&#8221;, y de acci\u00f3n, como &#8220;True Lies&#8221; (&#8220;Mentiras arriesgadas&#8221;) y &#8220;Blue Steel&#8221;.<\/p>\n","protected":false},"excerpt":{"rendered":"<p>La actriz estadounidense Jamie Lee Curtis recibir\u00e1 el Le\u00f3n de Oro a la carrera en la 78\u00aa edici\u00f3n del Festival de Cine de Venecia, que se celebrar\u00e1 del 1 al 11 de septiembre, informaron los organizadores. La entrega del galard\u00f3n tendr\u00e1 lugar el 8 de septiembre en la Sala Grande del Palazzo del Cinema, en [&hellip;]<\/p>\n","protected":false},"author":80,"featured_media":170030,"comment_status":"closed","ping_status":"open","sticky":false,"template":"","format":"standard","meta":{"footnotes":""},"categories":[38],"tags":[],"class_list":["post-170006","post","type-post","status-publish","format-standard","has-post-thumbnail","hentry","category-show"],"_links":{"self":[{"href":"https:\/\/plazajuarez.mx\/historico\/wp-json\/wp\/v2\/posts\/170006","targetHints":{"allow":["GET"]}}],"collection":[{"href":"https:\/\/plazajuarez.mx\/historico\/wp-json\/wp\/v2\/posts"}],"about":[{"href":"https:\/\/plazajuarez.mx\/historico\/wp-json\/wp\/v2\/types\/post"}],"author":[{"embeddable":true,"href":"https:\/\/plazajuarez.mx\/historico\/wp-json\/wp\/v2\/users\/80"}],"replies":[{"embeddable":true,"href":"https:\/\/plazajuarez.mx\/historico\/wp-json\/wp\/v2\/comments?post=170006"}],"version-history":[{"count":0,"href":"https:\/\/plazajuarez.mx\/historico\/wp-json\/wp\/v2\/posts\/170006\/revisions"}],"wp:featuredmedia":[{"embeddable":true,"href":"https:\/\/plazajuarez.mx\/historico\/wp-json\/wp\/v2\/media\/170030"}],"wp:attachment":[{"href":"https:\/\/plazajuarez.mx\/historico\/wp-json\/wp\/v2\/media?parent=170006"}],"wp:term":[{"taxonomy":"category","embeddable":true,"href":"https:\/\/plazajuarez.mx\/historico\/wp-json\/wp\/v2\/categories?post=170006"},{"taxonomy":"post_tag","embeddable":true,"href":"https:\/\/plazajuarez.mx\/historico\/wp-json\/wp\/v2\/tags?post=170006"}],"curies":[{"name":"wp","href":"https:\/\/api.w.org\/{rel}","templated":true}]}}