{"id":1700,"date":"2015-03-03T06:00:00","date_gmt":"2015-03-03T06:00:00","guid":{"rendered":"http:\/\/plazajuarez.mx\/index\/index.php\/2015\/03\/03\/mexico-padece-incredulidad-y-desconfianza-admite-pena\/"},"modified":"2015-03-03T06:00:00","modified_gmt":"2015-03-03T06:00:00","slug":"mexico-padece-incredulidad-y-desconfianza-admite-pena","status":"publish","type":"post","link":"https:\/\/plazajuarez.mx\/historico\/mexico-padece-incredulidad-y-desconfianza-admite-pena\/","title":{"rendered":"M\u00e9xico padece \u201cincredulidad  y desconfianza\u201d, admite Pe\u00f1a"},"content":{"rendered":"<ul>\n<li><strong>\u201cSu confesi\u00f3n m\u00e1s sincera\u201d desde la desaparici\u00f3n de los 43 normalistas de Ayotzinapa, seg\u00fan la periodista Jude Weber, del Financial Times <\/strong><\/li>\n<li><strong><strong>Pe\u00f1a Nieto perdi\u00f3 moment\u00e1neamente la palabra, refiere la periodista, cuando se le pregunt\u00f3 por qu\u00e9 nunca visit\u00f3 Iguala, en Guerrero<\/strong><\/strong> <!--more--> <\/li>\n<\/ul>\n<p>En M\u00e9xico existe una sensaci\u00f3n de \u201cincredulidad y desconfianza\u201d, reconoci\u00f3 el presidente Enrique Pe\u00f1a Nieto en su confesi\u00f3n \u201cm\u00e1s sincera\u201d desde la desaparici\u00f3n de los 43 normalistas de Ayotzinapa, de acuerdo con la periodista Jude Weber, del Financial Times, a quien ofreci\u00f3 una entrevista en el marco de su visita de Estado a Gran Breta\u00f1a.<\/p>\n<p>El gobierno mexicano debe \u201creconsiderar hacia d\u00f3nde nos dirigimos\u201d, asegur\u00f3 el mandatario, quien tambi\u00e9n refrend\u00f3 su compromiso de luchar contra la corrupci\u00f3n en una forma mucho \u201cm\u00e1s eficaz\u201d, as\u00ed como de terminar con el \u201cestigma\u201d de considerar a los pol\u00edticos como \u201cladrones\u201d.<\/p>\n<p>Pe\u00f1a Nieto perdi\u00f3 moment\u00e1neamente la palabra, refiere la periodista, cuando se le pregunt\u00f3 por qu\u00e9 nunca visit\u00f3 Iguala, en Guerrero, para mostrar solidaridad con los 43 estudiantes desaparecidos, a lo que finalmente respondi\u00f3: \u201cEso no significa que no hemos hecho lo que se debe. El Presidente no tiene por qu\u00e9 ir en persona, tenemos gobernantes ah\u00ed\u201d.<\/p>\n<p>En cuanto a la pol\u00e9mica que se gener\u00f3 a partir de los esc\u00e1ndalos de la llamada Casa Blanca adquirida por su familia, as\u00ed como la del secretario de Hacienda, Luis Videgaray, Pe\u00f1a Nieto dijo que el tema ha sido \u201csatanizado\u201d y que \u00e9l es el \u201cm\u00e1s interesado\u201d en que se aclare.<\/p>\n<p>La periodista se\u00f1al\u00f3 que la menci\u00f3n de esos casos fue el \u00fanico momento en que Pe\u00f1a Nieto se mostr\u00f3 molesto, durante la entrevista de una hora, aunque pronto recuper\u00f3 su pose habitual.<\/p>\n<p>El jefe de Estado se refiri\u00f3 al sistema anticorrupci\u00f3n, que se encuentra en las \u00faltimas etapas de aprobaci\u00f3n en el Congreso, como algo &#8220;innovador&#8221;, que contribuir\u00e1 a que la rendici\u00f3n de cuentas de los funcionarios p\u00fablicos.<\/p>\n<p>\u201cEl Presidente, en quien confiaron los empresarios en sus primeros dos a\u00f1os de presidencia, por aprobar casi una decena de reformas econ\u00f3micas, ha enfrentado desde entonces una marea de inquietud popular y un electorado cada vez m\u00e1s esc\u00e9ptico\u201d, escribe la periodista brit\u00e1nica en la publicaci\u00f3n titulada \u201cM\u00e9xico plagado por la &#8216;incredulidad y la desconfianza&#8217;, admite el Presidente\u201d.<\/p>\n<p>La crisis de confianza en realidad es \u201cuna oportunidad\u201d, insisti\u00f3 el pri\u00edsta a su interlocutora. \u201cPienso que a\u00fan estamos a tiempo de mostrar resultados y de dar beneficios a los mexicanos. Soy optimista&#8221;, concluy\u00f3.<\/p>\n<p>El Presidente lleg\u00f3 ayer a Londres, un d\u00eda antes del inicio de una visita de Estado de tres d\u00edas en que ser\u00e1 el hu\u00e9sped de la reina brit\u00e1nica. (Agencias)<\/p>\n","protected":false},"excerpt":{"rendered":"<p>\u201cSu confesi\u00f3n m\u00e1s sincera\u201d desde la desaparici\u00f3n de los 43 normalistas de Ayotzinapa, seg\u00fan la periodista Jude Weber, del Financial Times Pe\u00f1a Nieto perdi\u00f3 moment\u00e1neamente la palabra, refiere la periodista, cuando se le pregunt\u00f3 por qu\u00e9 nunca visit\u00f3 Iguala, en Guerrero<\/p>\n","protected":false},"author":93,"featured_media":0,"comment_status":"open","ping_status":"open","sticky":false,"template":"","format":"standard","meta":{"footnotes":""},"categories":[36],"tags":[],"class_list":["post-1700","post","type-post","status-publish","format-standard","hentry","category-nacion"],"_links":{"self":[{"href":"https:\/\/plazajuarez.mx\/historico\/wp-json\/wp\/v2\/posts\/1700","targetHints":{"allow":["GET"]}}],"collection":[{"href":"https:\/\/plazajuarez.mx\/historico\/wp-json\/wp\/v2\/posts"}],"about":[{"href":"https:\/\/plazajuarez.mx\/historico\/wp-json\/wp\/v2\/types\/post"}],"author":[{"embeddable":true,"href":"https:\/\/plazajuarez.mx\/historico\/wp-json\/wp\/v2\/users\/93"}],"replies":[{"embeddable":true,"href":"https:\/\/plazajuarez.mx\/historico\/wp-json\/wp\/v2\/comments?post=1700"}],"version-history":[{"count":0,"href":"https:\/\/plazajuarez.mx\/historico\/wp-json\/wp\/v2\/posts\/1700\/revisions"}],"wp:attachment":[{"href":"https:\/\/plazajuarez.mx\/historico\/wp-json\/wp\/v2\/media?parent=1700"}],"wp:term":[{"taxonomy":"category","embeddable":true,"href":"https:\/\/plazajuarez.mx\/historico\/wp-json\/wp\/v2\/categories?post=1700"},{"taxonomy":"post_tag","embeddable":true,"href":"https:\/\/plazajuarez.mx\/historico\/wp-json\/wp\/v2\/tags?post=1700"}],"curies":[{"name":"wp","href":"https:\/\/api.w.org\/{rel}","templated":true}]}}