{"id":169994,"date":"2021-07-01T07:40:57","date_gmt":"2021-07-01T12:40:57","guid":{"rendered":"https:\/\/plazajuarez.mx\/?p=169994"},"modified":"2021-07-01T07:54:19","modified_gmt":"2021-07-01T12:54:19","slug":"los-panuelos-verdes-se-alzaron-en-hidalgo","status":"publish","type":"post","link":"https:\/\/plazajuarez.mx\/historico\/los-panuelos-verdes-se-alzaron-en-hidalgo\/","title":{"rendered":"Los pa\u00f1uelos verdes se alzaron en Hidalgo"},"content":{"rendered":"\n<p>A las diez y media de la ma\u00f1ana, las mujeres ya estaban organizadas, tomaron una lona para la proyecci\u00f3n y con su ca\u00f1\u00f3n iniciaron la transmisi\u00f3n (funci\u00f3n) de la sesi\u00f3n del congreso. Algunas se integraban y otras ya estaban desde la noche anterior, cuando llegaron a montar su carpa para hacer su velada. Los restos de esta quedaron bajo la mesa que sostuvo una laptop, un caf\u00e9 y algo de gel: garrafones de agua, bolsas de pan, de palomitas y un lazo reposaban en la superficie del suelo.&nbsp;<\/p>\n\n\n\n<p>Pese a que la mayor\u00eda no durmi\u00f3 toda la noche, no dejaron caer los \u00e1nimos, y siguieron la sesi\u00f3n. Rodeadas de transportistas, sentadas en media luna en la banqueta y con carteles pegados en la reja fue la escena que se ve\u00eda a las afueras. Adentro, el orden de la sesi\u00f3n se fue dando, y cuando empezaron a hablar sobre la Interrupci\u00f3n Legal del Embarazo (ILE) la Marea Verde, Di Ramona, Seiin Ac y muchas mujeres centraron a\u00fan m\u00e1s su atenci\u00f3n.&nbsp;<\/p>\n\n\n\n<p>Reaccionaron ante comentarios que les parec\u00edan rid\u00edculos, sin fundamento e iban de exclamaciones breves, gritos, gestos ante lo que llegaba a sus o\u00eddos e incluso carcajadas por lo que algunos diputados y diputadas pronunciaban como argumentos en contra. \u201cSe aumenta la inestabilidad\u201d, dijo la diputada Teodora. \u201cMentira\u201d, contestaron ellas a coro.<\/p>\n\n\n\n<p>A las 11:38 las voces del congreso se apagaron en el proyector y r\u00e1pidamente se movilizaron entre las mujeres para la obtenci\u00f3n de datos. La impaciencia se comenzaba a notar cada que alguien m\u00e1s de la legislatura sub\u00eda a tribuna para&nbsp; explicar sus contras, incluso manos entrelazadas que esperaban la resoluci\u00f3n final&nbsp; ya estaban soltadas, y la mirada se les ve\u00eda preocupada. Entre el celular, la sesi\u00f3n, y algunas fallas t\u00e9cnicas aguardaron una resoluci\u00f3n que se dio en medio de pol\u00e9mica.<\/p>\n\n\n\n<p>Cerca de las 12:15 cuando estaban a minutos de saber el veredicto final, todas se levantaron de su lugar, unieron sus manos y gritaron cuando en medio de la discusi\u00f3n del congreso, Baptista dijo \u201cAprobado el dictamen\u201d ocasionando una ola de gritos, brincos, alegr\u00eda, l\u00e1grimas y uniones de abrazo entre todas las mujeres quienes sostuvieron y empu\u00f1aron en alto los pa\u00f1uelos verdes. Despu\u00e9s se sabr\u00eda que fue por 16 votos a favor.&nbsp;<\/p>\n\n\n\n<p>Frases como \u201c\u00a1Es ley!\u201d, \u201cLo logramos\u201d y \u201cSe va a caer\u201d (refiri\u00e9ndose al patriarcado) sonaron a coro, mientras a la par prend\u00edan unas antorchas que ten\u00edan en el lugar. Serpentinas de spray en color verde eran expulsadas mientras cubr\u00edan a cada una de las integrantes de la marea.&nbsp;<\/p>\n\n\n\n<p>\u201cDe aqu\u00ed al reloj\u201d grit\u00f3 una y as\u00ed lo hicieron. Levantaron la carpa, repartieron agua, comida y guardaron incluso su basura. Viajaron en tuzobus; de la estaci\u00f3n de Centro de Justicia a Ni\u00f1os H\u00e9roes; y en todo el trayecto no paraban con la felicidad: cantaron Canci\u00f3n sin Miedo y gritaban consignas: \u201cAleeeeerta\u201d, empezaba una y las dem\u00e1s segu\u00edan \u201c\u00a1Alerta que camina por Am\u00e9rica Latina, y tiemblen, y tiemblen, y tiemblen los machistas, que Am\u00e9rica Latina ser\u00e1 toda feminista!&nbsp;<\/p>\n\n\n\n<p>Se congregaron en el Reloj Municipal, donde igual se reunieron las feministas que siguieron la sesi\u00f3n desde la Comisi\u00f3n de Derechos Humanos, y festejaron con m\u00e1s gritos, m\u00e1s abrazos, y mucha m\u00fasica: cantando y bailando, haciendo todo aquello que hubiesen hecho, el 12 de diciembre de 2019; fecha en que la bancada de Morena se fragment\u00f3 y la ILE no fue aprobada; si no se los hubiesen negado.&nbsp;<\/p>\n","protected":false},"excerpt":{"rendered":"<p>A las diez y media de la ma\u00f1ana, las mujeres ya estaban organizadas, tomaron una lona para la proyecci\u00f3n y con su ca\u00f1\u00f3n iniciaron la transmisi\u00f3n (funci\u00f3n) de la sesi\u00f3n del congreso. Algunas se integraban y otras ya estaban desde la noche anterior, cuando llegaron a montar su carpa para hacer su velada. Los restos [&hellip;]<\/p>\n","protected":false},"author":101,"featured_media":169995,"comment_status":"closed","ping_status":"open","sticky":false,"template":"","format":"standard","meta":{"footnotes":""},"categories":[15,59],"tags":[],"class_list":["post-169994","post","type-post","status-publish","format-standard","has-post-thumbnail","hentry","category-destacadas","category-general"],"_links":{"self":[{"href":"https:\/\/plazajuarez.mx\/historico\/wp-json\/wp\/v2\/posts\/169994","targetHints":{"allow":["GET"]}}],"collection":[{"href":"https:\/\/plazajuarez.mx\/historico\/wp-json\/wp\/v2\/posts"}],"about":[{"href":"https:\/\/plazajuarez.mx\/historico\/wp-json\/wp\/v2\/types\/post"}],"author":[{"embeddable":true,"href":"https:\/\/plazajuarez.mx\/historico\/wp-json\/wp\/v2\/users\/101"}],"replies":[{"embeddable":true,"href":"https:\/\/plazajuarez.mx\/historico\/wp-json\/wp\/v2\/comments?post=169994"}],"version-history":[{"count":0,"href":"https:\/\/plazajuarez.mx\/historico\/wp-json\/wp\/v2\/posts\/169994\/revisions"}],"wp:featuredmedia":[{"embeddable":true,"href":"https:\/\/plazajuarez.mx\/historico\/wp-json\/wp\/v2\/media\/169995"}],"wp:attachment":[{"href":"https:\/\/plazajuarez.mx\/historico\/wp-json\/wp\/v2\/media?parent=169994"}],"wp:term":[{"taxonomy":"category","embeddable":true,"href":"https:\/\/plazajuarez.mx\/historico\/wp-json\/wp\/v2\/categories?post=169994"},{"taxonomy":"post_tag","embeddable":true,"href":"https:\/\/plazajuarez.mx\/historico\/wp-json\/wp\/v2\/tags?post=169994"}],"curies":[{"name":"wp","href":"https:\/\/api.w.org\/{rel}","templated":true}]}}