{"id":169975,"date":"2021-06-30T20:11:17","date_gmt":"2021-07-01T01:11:17","guid":{"rendered":"https:\/\/plazajuarez.mx\/?p=169975"},"modified":"2021-06-30T20:11:32","modified_gmt":"2021-07-01T01:11:32","slug":"celebran-jovenes-de-tepeapulco-la-despenalizacion-del-aborto","status":"publish","type":"post","link":"https:\/\/plazajuarez.mx\/historico\/celebran-jovenes-de-tepeapulco-la-despenalizacion-del-aborto\/","title":{"rendered":"Celebran j\u00f3venes de Tepeapulco la despenalizaci\u00f3n del aborto"},"content":{"rendered":"\n<p><strong>Tepeapulco, Hgo<\/strong>&#8211; Al.menos unas 30 mujeres del municipio celebraron la despenalizaci\u00f3n del aborto en Hidalgo, tras las reformas que hoy fueron aprobadas en el congreso local. <br><br>Al filo de las 18:30 horas, las j\u00f3venes se congregaron al frente de la parroquia de Santa Mar\u00eda de Guadalupe, en Ciudad Sahag\u00fan, para unirse a los festejos que desarrollaron durante este d\u00eda. <br><br>En la manifestaci\u00f3n portaron una serie de cartulinas d\u00f3nde hac\u00edan \u00e9nfasis en la aprobaci\u00f3n de estas nuevas reformas y adiciones al C\u00f3digo Penal del Estado de Hidalgo para despenalizar el aborto y establecer en los servicios de salud la interrupci\u00f3n legal y gratuita del embarazo en la entidad.<br><\/p>\n","protected":false},"excerpt":{"rendered":"<p>Tepeapulco, Hgo&#8211; Al.menos unas 30 mujeres del municipio celebraron la despenalizaci\u00f3n del aborto en Hidalgo, tras las reformas que hoy fueron aprobadas en el congreso local. Al filo de las 18:30 horas, las j\u00f3venes se congregaron al frente de la parroquia de Santa Mar\u00eda de Guadalupe, en Ciudad Sahag\u00fan, para unirse a los festejos que [&hellip;]<\/p>\n","protected":false},"author":69,"featured_media":169976,"comment_status":"closed","ping_status":"open","sticky":false,"template":"","format":"standard","meta":{"footnotes":""},"categories":[40],"tags":[],"class_list":["post-169975","post","type-post","status-publish","format-standard","has-post-thumbnail","hentry","category-region"],"_links":{"self":[{"href":"https:\/\/plazajuarez.mx\/historico\/wp-json\/wp\/v2\/posts\/169975","targetHints":{"allow":["GET"]}}],"collection":[{"href":"https:\/\/plazajuarez.mx\/historico\/wp-json\/wp\/v2\/posts"}],"about":[{"href":"https:\/\/plazajuarez.mx\/historico\/wp-json\/wp\/v2\/types\/post"}],"author":[{"embeddable":true,"href":"https:\/\/plazajuarez.mx\/historico\/wp-json\/wp\/v2\/users\/69"}],"replies":[{"embeddable":true,"href":"https:\/\/plazajuarez.mx\/historico\/wp-json\/wp\/v2\/comments?post=169975"}],"version-history":[{"count":0,"href":"https:\/\/plazajuarez.mx\/historico\/wp-json\/wp\/v2\/posts\/169975\/revisions"}],"wp:featuredmedia":[{"embeddable":true,"href":"https:\/\/plazajuarez.mx\/historico\/wp-json\/wp\/v2\/media\/169976"}],"wp:attachment":[{"href":"https:\/\/plazajuarez.mx\/historico\/wp-json\/wp\/v2\/media?parent=169975"}],"wp:term":[{"taxonomy":"category","embeddable":true,"href":"https:\/\/plazajuarez.mx\/historico\/wp-json\/wp\/v2\/categories?post=169975"},{"taxonomy":"post_tag","embeddable":true,"href":"https:\/\/plazajuarez.mx\/historico\/wp-json\/wp\/v2\/tags?post=169975"}],"curies":[{"name":"wp","href":"https:\/\/api.w.org\/{rel}","templated":true}]}}