{"id":169971,"date":"2021-06-30T19:59:45","date_gmt":"2021-07-01T00:59:45","guid":{"rendered":"https:\/\/plazajuarez.mx\/?p=169971"},"modified":"2021-06-30T20:00:14","modified_gmt":"2021-07-01T01:00:14","slug":"tribunal-sanciona-a-lopez-obrador-por-propaganda-en-su-informe-de-gobierno","status":"publish","type":"post","link":"https:\/\/plazajuarez.mx\/historico\/tribunal-sanciona-a-lopez-obrador-por-propaganda-en-su-informe-de-gobierno\/","title":{"rendered":"Tribunal sanciona a L\u00f3pez Obrador por propaganda en su informe de Gobierno"},"content":{"rendered":"\n<p>La Sala Superior del Tribunal Electoral de M\u00e9xico confirm\u00f3 este mi\u00e9rcoles la sentencia contra el presidente mexicano, Andr\u00e9s Manuel L\u00f3pez Obrador, por hacer propaganda durante la presentaci\u00f3n de su primer informe de Gobierno de 2021 en plena campa\u00f1a de los comicios intermedios.<\/p>\n\n\n\n<p>Por unanimidad de votos, los magistrados determinaron que el discurso emitido por el presidente el 30 de marzo &#8220;s\u00ed constituy\u00f3 propaganda gubernamental personalizada en periodo prohibido&#8221;.<\/p>\n\n\n\n<p>La Sala Superior del Tribunal confirm\u00f3 as\u00ed la sentencia de la Sala Especializada, la cual orden\u00f3 a la Oficina de la Presidencia retirar de las redes el discurso y publicar el fallo.<\/p>\n\n\n\n<p>En un comunicado, el Tribunal Electoral explic\u00f3 que L\u00f3pez Obrador hizo propaganda indebida cuando ya hab\u00edan comenzado las campa\u00f1as electorales en los estados de Campeche, Colima, Guerrero, Nuevo Le\u00f3n, San Luis Potos\u00ed y Sonora para las elecciones intermedias del 6 de junio.<\/p>\n\n\n\n<p>Por tanto, se confirm\u00f3 se &#8220;la indebida utilizaci\u00f3n de recursos p\u00fablicos&#8221; por 185.515 pesos (9.300 d\u00f3lares), el costo del evento.<\/p>\n\n\n\n<p>Los magistrados exhortaron al portavoz del presidente y encargado de la comunicaci\u00f3n del Gobierno, Jes\u00fas Ram\u00edrez Cuevas, a &#8220;ser particularmente escrupuloso al participar en la transmisi\u00f3n mensajes que pueden ser difundidos por los medios de comunicaci\u00f3n, ya que corre el riesgo de incurrir en una infracci\u00f3n&#8221;.<\/p>\n\n\n\n<p>Durante la campa\u00f1a, L\u00f3pez Obrador tuvo m\u00faltiples encontronazos con las autoridades electorales, que lo apercibieron por hacer propaganda en sus conferencias de prensa diarias.<\/p>\n\n\n\n<p>En el discurso del 30 de marzo, impugnado por el Partido de la Revoluci\u00f3n Democr\u00e1tica (PRD), L\u00f3pez Obrador defendi\u00f3 las tareas del Ej\u00e9rcito en seguridad p\u00fablica y encomi\u00f3 la gesti\u00f3n de su Gobierno en el combate a la corrupci\u00f3n y a la pandemia de covid-19.<\/p>\n\n\n\n<p>En otra resoluci\u00f3n, la Sala Superior confirm\u00f3 tambi\u00e9n la sentencia contra la secretaria de Energ\u00eda, Roc\u00edo Nahle, por realizar &#8220;propaganda gubernamental en periodo de campa\u00f1as&#8221; al publicitar en Twitter la construcci\u00f3n de la nueva refiner\u00eda de Dos Bocas (Tabasco).<\/p>\n\n\n\n<p>Desde que asumi\u00f3 el poder el 1 de diciembre de 2018, el presidente L\u00f3pez Obrador da cuatro discursos solemnes al a\u00f1o para repasar su obra de gobierno.<\/p>\n\n\n\n<p>El pr\u00f3ximo ser\u00e1 este jueves con motivo de los tres a\u00f1os de su victoria electoral.<\/p>\n","protected":false},"excerpt":{"rendered":"<p>La Sala Superior del Tribunal Electoral de M\u00e9xico confirm\u00f3 este mi\u00e9rcoles la sentencia contra el presidente mexicano, Andr\u00e9s Manuel L\u00f3pez Obrador, por hacer propaganda durante la presentaci\u00f3n de su primer informe de Gobierno de 2021 en plena campa\u00f1a de los comicios intermedios. Por unanimidad de votos, los magistrados determinaron que el discurso emitido por el [&hellip;]<\/p>\n","protected":false},"author":80,"featured_media":163153,"comment_status":"closed","ping_status":"open","sticky":false,"template":"","format":"standard","meta":{"footnotes":""},"categories":[15,36],"tags":[],"class_list":["post-169971","post","type-post","status-publish","format-standard","has-post-thumbnail","hentry","category-destacadas","category-nacion"],"_links":{"self":[{"href":"https:\/\/plazajuarez.mx\/historico\/wp-json\/wp\/v2\/posts\/169971","targetHints":{"allow":["GET"]}}],"collection":[{"href":"https:\/\/plazajuarez.mx\/historico\/wp-json\/wp\/v2\/posts"}],"about":[{"href":"https:\/\/plazajuarez.mx\/historico\/wp-json\/wp\/v2\/types\/post"}],"author":[{"embeddable":true,"href":"https:\/\/plazajuarez.mx\/historico\/wp-json\/wp\/v2\/users\/80"}],"replies":[{"embeddable":true,"href":"https:\/\/plazajuarez.mx\/historico\/wp-json\/wp\/v2\/comments?post=169971"}],"version-history":[{"count":0,"href":"https:\/\/plazajuarez.mx\/historico\/wp-json\/wp\/v2\/posts\/169971\/revisions"}],"wp:featuredmedia":[{"embeddable":true,"href":"https:\/\/plazajuarez.mx\/historico\/wp-json\/wp\/v2\/media\/163153"}],"wp:attachment":[{"href":"https:\/\/plazajuarez.mx\/historico\/wp-json\/wp\/v2\/media?parent=169971"}],"wp:term":[{"taxonomy":"category","embeddable":true,"href":"https:\/\/plazajuarez.mx\/historico\/wp-json\/wp\/v2\/categories?post=169971"},{"taxonomy":"post_tag","embeddable":true,"href":"https:\/\/plazajuarez.mx\/historico\/wp-json\/wp\/v2\/tags?post=169971"}],"curies":[{"name":"wp","href":"https:\/\/api.w.org\/{rel}","templated":true}]}}