{"id":169959,"date":"2021-06-30T17:34:05","date_gmt":"2021-06-30T22:34:05","guid":{"rendered":"https:\/\/plazajuarez.mx\/?p=169959"},"modified":"2021-06-30T17:34:20","modified_gmt":"2021-06-30T22:34:20","slug":"trump-dice-que-ee-uu-esta-enfermo-en-la-frontera-con-mexico","status":"publish","type":"post","link":"https:\/\/plazajuarez.mx\/historico\/trump-dice-que-ee-uu-esta-enfermo-en-la-frontera-con-mexico\/","title":{"rendered":"Trump dice que EE.UU. est\u00e1 &#8220;enfermo&#8221; en la frontera con M\u00e9xico"},"content":{"rendered":"\n<p>El expresidente estadounidense Donald Trump asegur\u00f3 este mi\u00e9rcoles que el pa\u00eds est\u00e1 &#8220;enfermo&#8221; en la frontera con M\u00e9xico, que en este momento es, en su opini\u00f3n, &#8220;la m\u00e1s peligrosa en la historia del pa\u00eds&#8221;.<\/p>\n\n\n\n<p>&#8220;Tenemos un pa\u00eds enfermo en muchos aspectos: est\u00e1 enfermo en las elecciones y est\u00e1 enfermo en la frontera&#8221;, se quej\u00f3 el exgobernante, quien hoy viaj\u00f3 al estado de Texas para visitar junto al gobernador republicano Greg Abbott el linde con el vecino pa\u00eds.<\/p>\n\n\n\n<p>&#8220;Y si no tienes buenas elecciones -agreg\u00f3- y si no tienes una frontera fuerte, no tienes un pa\u00eds&#8221;.<\/p>\n\n\n\n<p>El l\u00edder republicano critic\u00f3 la situaci\u00f3n en la frontera con M\u00e9xico bajo la administraci\u00f3n de su sucesor dem\u00f3crata, Joe Biden, quien ha dado marcha atr\u00e1s al entramado de decisiones en materia migratoria aprobadas por Trump.<\/p>\n\n\n\n<p>&#8220;La frontera nunca ha estado as\u00ed&#8221;, lament\u00f3 Trump, quien presumi\u00f3 de haber dejado en su mandato &#8220;la mejor frontera que ha habido nunca&#8221; en una mesa redonda de la que hicieron parte exfuncionarios de su gesti\u00f3n y dirigente locales liderados por Abbott.<\/p>\n\n\n\n<p>Trump defendi\u00f3 el muro fronterizo que prometi\u00f3 construir durante su mandato y del que se erigieron 500 millas (unos 804,6 kil\u00f3metros), y se quej\u00f3 de las acciones de los dem\u00f3cratas en contra de esa obra.<\/p>\n\n\n\n<p>El l\u00edder republicano defendi\u00f3 adem\u00e1s el &#8220;gran trabajo&#8221; que hizo su Gobierno logrando reducir la inmigraci\u00f3n &#8220;hasta un punto en el que la gente simplemente no entraba, a menos que lo hiciera legalmente&#8221;.<\/p>\n\n\n\n<p>Y critic\u00f3 que ahora hay &#8220;una frontera abierta realmente peligrosa, m\u00e1s peligrosa que nunca en la historia de nuestro pa\u00eds&#8221;.<\/p>\n\n\n\n<p>Antes de su viaje, Trump defendi\u00f3 en un comunicado que durante su Gobierno (2017-2021) se practic\u00f3 &#8220;la pol\u00edtica fronteriza m\u00e1s exitosa de la historia de Estados Unidos&#8221; y tild\u00f3 la estrategia de Biden como la &#8220;menos exitosa&#8221;.<\/p>\n\n\n\n<p>&#8220;La gente est\u00e1 entrando por millones. Est\u00e1n destruyendo nuestro pa\u00eds&#8221;, advirti\u00f3 Trump, quien por otro lado se refiri\u00f3 al presidente de M\u00e9xico, Andr\u00e9s Manuel L\u00f3pez Obrador, como un &#8220;gran tipo&#8221;.<\/p>\n\n\n\n<p>Seg\u00fan la Oficina de Aduanas y Protecci\u00f3n Fronteriza, en mayo pasado 180.034 inmigrantes indocumentados fueron detenidos en la frontera con M\u00e9xico frente a los 178.622 de abril y los 173.348 de marzo, dos meses que en su momento ya marcaron m\u00e1ximos hist\u00f3ricos.<\/p>\n","protected":false},"excerpt":{"rendered":"<p>El expresidente estadounidense Donald Trump asegur\u00f3 este mi\u00e9rcoles que el pa\u00eds est\u00e1 &#8220;enfermo&#8221; en la frontera con M\u00e9xico, que en este momento es, en su opini\u00f3n, &#8220;la m\u00e1s peligrosa en la historia del pa\u00eds&#8221;. &#8220;Tenemos un pa\u00eds enfermo en muchos aspectos: est\u00e1 enfermo en las elecciones y est\u00e1 enfermo en la frontera&#8221;, se quej\u00f3 el [&hellip;]<\/p>\n","protected":false},"author":80,"featured_media":169960,"comment_status":"closed","ping_status":"open","sticky":false,"template":"","format":"standard","meta":{"footnotes":""},"categories":[15,36],"tags":[],"class_list":["post-169959","post","type-post","status-publish","format-standard","has-post-thumbnail","hentry","category-destacadas","category-nacion"],"_links":{"self":[{"href":"https:\/\/plazajuarez.mx\/historico\/wp-json\/wp\/v2\/posts\/169959","targetHints":{"allow":["GET"]}}],"collection":[{"href":"https:\/\/plazajuarez.mx\/historico\/wp-json\/wp\/v2\/posts"}],"about":[{"href":"https:\/\/plazajuarez.mx\/historico\/wp-json\/wp\/v2\/types\/post"}],"author":[{"embeddable":true,"href":"https:\/\/plazajuarez.mx\/historico\/wp-json\/wp\/v2\/users\/80"}],"replies":[{"embeddable":true,"href":"https:\/\/plazajuarez.mx\/historico\/wp-json\/wp\/v2\/comments?post=169959"}],"version-history":[{"count":0,"href":"https:\/\/plazajuarez.mx\/historico\/wp-json\/wp\/v2\/posts\/169959\/revisions"}],"wp:featuredmedia":[{"embeddable":true,"href":"https:\/\/plazajuarez.mx\/historico\/wp-json\/wp\/v2\/media\/169960"}],"wp:attachment":[{"href":"https:\/\/plazajuarez.mx\/historico\/wp-json\/wp\/v2\/media?parent=169959"}],"wp:term":[{"taxonomy":"category","embeddable":true,"href":"https:\/\/plazajuarez.mx\/historico\/wp-json\/wp\/v2\/categories?post=169959"},{"taxonomy":"post_tag","embeddable":true,"href":"https:\/\/plazajuarez.mx\/historico\/wp-json\/wp\/v2\/tags?post=169959"}],"curies":[{"name":"wp","href":"https:\/\/api.w.org\/{rel}","templated":true}]}}