{"id":169941,"date":"2021-06-30T15:13:18","date_gmt":"2021-06-30T20:13:18","guid":{"rendered":"https:\/\/plazajuarez.mx\/?p=169941"},"modified":"2021-06-30T15:39:40","modified_gmt":"2021-06-30T20:39:40","slug":"ee-uu-mexico-y-canada-destacan-al-t-mec-como-motor-de-la-recuperacion","status":"publish","type":"post","link":"https:\/\/plazajuarez.mx\/historico\/ee-uu-mexico-y-canada-destacan-al-t-mec-como-motor-de-la-recuperacion\/","title":{"rendered":"EE.UU., M\u00e9xico y Canad\u00e1 destacan al T-MEC como &#8220;motor&#8221; de la recuperaci\u00f3n"},"content":{"rendered":"\n<p>Estados Unidos, M\u00e9xico y Canad\u00e1 celebraron este mi\u00e9rcoles el primer aniversario del nuevo tratado comercial trilateral, conocido como T-MEC, como un &#8220;poderoso motor&#8221; de la &#8220;recuperaci\u00f3n econ\u00f3mica&#8221; y la mejora de la &#8220;competitividad&#8221; regional.<\/p>\n\n\n\n<p>As\u00ed se expresaron las tres ministras encargadas de la cartera de Comercio en una conferencia virtual organizada por el centro de estudios Wilson de Washington con motivo del primer a\u00f1o en vigor del acuerdo, que se cumple el jueves, y despu\u00e9s de unas complejas negociaciones que se prolongaron durante varios a\u00f1os.<\/p>\n\n\n\n<p>&#8220;Debemos celebrar el renovado compromiso entre los tres pa\u00edses para mejorar los est\u00e1ndares comerciales, y mejorar la competitividad regional&#8221;, dijo Katherine Tai, representante de Comercio Exterior de EE.UU.<\/p>\n\n\n\n<p>Tai destac\u00f3 el &#8220;amplio respaldo&#8221; logrado en el Congreso para la &#8220;modernizaci\u00f3n&#8221; de un acuerdo que hab\u00eda sido dise\u00f1ado en 1993 y el &#8220;refuerzo&#8221; en las normas laborales y protecci\u00f3n medioambiental.<\/p>\n\n\n\n<p>Por su parte, la secretaria de Comercio de M\u00e9xico, Tatiana Clouthier Carrillo, destac\u00f3 que el pacto es un &#8220;poderoso motor&#8221; para la &#8220;recuperaci\u00f3n econ\u00f3mica&#8221; de los tres pa\u00edses en medio de los retos plantados por la pandemia.<\/p>\n\n\n\n<p>Este 1 de julio se cumple el primer aniversario de la entrada en vigor el nuevo tratado comercial entre M\u00e9xico, Estados Unidos y Canad\u00e1 (T-MEC), que reemplaz\u00f3 al Tratado de Libre Comercio de Am\u00e9rica del Norte (TLCAN), vigente desde 1994.<\/p>\n\n\n\n<p>El nuevo acuerdo incluye varios cambios importantes, especialmente los apartados dedicados a la econom\u00eda digital y la protecci\u00f3n medioambiental y de trabajadores, en un flujo comercial entre los tres pa\u00edses que asciende a un valor de m\u00e1s de 1,2 billones de d\u00f3lares anuales.<\/p>\n","protected":false},"excerpt":{"rendered":"<p>Estados Unidos, M\u00e9xico y Canad\u00e1 celebraron este mi\u00e9rcoles el primer aniversario del nuevo tratado comercial trilateral, conocido como T-MEC, como un &#8220;poderoso motor&#8221; de la &#8220;recuperaci\u00f3n econ\u00f3mica&#8221; y la mejora de la &#8220;competitividad&#8221; regional. As\u00ed se expresaron las tres ministras encargadas de la cartera de Comercio en una conferencia virtual organizada por el centro de [&hellip;]<\/p>\n","protected":false},"author":80,"featured_media":169943,"comment_status":"closed","ping_status":"open","sticky":false,"template":"","format":"standard","meta":{"footnotes":""},"categories":[15,36],"tags":[],"class_list":["post-169941","post","type-post","status-publish","format-standard","has-post-thumbnail","hentry","category-destacadas","category-nacion"],"_links":{"self":[{"href":"https:\/\/plazajuarez.mx\/historico\/wp-json\/wp\/v2\/posts\/169941","targetHints":{"allow":["GET"]}}],"collection":[{"href":"https:\/\/plazajuarez.mx\/historico\/wp-json\/wp\/v2\/posts"}],"about":[{"href":"https:\/\/plazajuarez.mx\/historico\/wp-json\/wp\/v2\/types\/post"}],"author":[{"embeddable":true,"href":"https:\/\/plazajuarez.mx\/historico\/wp-json\/wp\/v2\/users\/80"}],"replies":[{"embeddable":true,"href":"https:\/\/plazajuarez.mx\/historico\/wp-json\/wp\/v2\/comments?post=169941"}],"version-history":[{"count":0,"href":"https:\/\/plazajuarez.mx\/historico\/wp-json\/wp\/v2\/posts\/169941\/revisions"}],"wp:featuredmedia":[{"embeddable":true,"href":"https:\/\/plazajuarez.mx\/historico\/wp-json\/wp\/v2\/media\/169943"}],"wp:attachment":[{"href":"https:\/\/plazajuarez.mx\/historico\/wp-json\/wp\/v2\/media?parent=169941"}],"wp:term":[{"taxonomy":"category","embeddable":true,"href":"https:\/\/plazajuarez.mx\/historico\/wp-json\/wp\/v2\/categories?post=169941"},{"taxonomy":"post_tag","embeddable":true,"href":"https:\/\/plazajuarez.mx\/historico\/wp-json\/wp\/v2\/tags?post=169941"}],"curies":[{"name":"wp","href":"https:\/\/api.w.org\/{rel}","templated":true}]}}