{"id":1699,"date":"2015-03-03T06:00:00","date_gmt":"2015-03-03T06:00:00","guid":{"rendered":"http:\/\/plazajuarez.mx\/index\/index.php\/2015\/03\/03\/solo-quedan-libres-32-delincuentes-peligrosos-en-michoacan-osorio\/"},"modified":"2015-03-03T06:00:00","modified_gmt":"2015-03-03T06:00:00","slug":"solo-quedan-libres-32-delincuentes-peligrosos-en-michoacan-osorio","status":"publish","type":"post","link":"https:\/\/plazajuarez.mx\/historico\/solo-quedan-libres-32-delincuentes-peligrosos-en-michoacan-osorio\/","title":{"rendered":"S\u00f3lo quedan libres 32 delincuentes  peligrosos en Michoac\u00e1n: Osorio"},"content":{"rendered":"<p>Morelia, Mich.- El secretario de Gobernaci\u00f3n, Miguel \u00c1ngel Osorio Chong, manifest\u00f3 que de los 122 delincuentes m\u00e1s peligrosos, 90 est\u00e1n encarcelados o muertos, y asegur\u00f3 que seguir\u00e1n tras el resto de aquellos que a\u00fan quedan libres.<\/p>\n<p>  <!--more-->  <\/p>\n<p>\u00a0<\/p>\n<p>Agreg\u00f3 que a Servando G\u00f3mez La Tuta se le realizar\u00e1 un proceso justo y se le sigue investigando para procesarlo por otros delitos que pudo haber cometido.<\/p>\n<p>Osorio Chong se reuni\u00f3 con el gobernador del estado, Salvador Jara, y con otros funcionarios en el Centro de Convenciones para evaluar los avances de la llamada Operaci\u00f3n Michoac\u00e1n.<\/p>\n<p>En tanto, sobre la avenida Ventura Puente unos 300 normalistas se manifestaron para protestar por la presencia en el estado del secretario de Gobernaci\u00f3n. (Agencias)<\/p>\n","protected":false},"excerpt":{"rendered":"<p>Morelia, Mich.- El secretario de Gobernaci\u00f3n, Miguel \u00c1ngel Osorio Chong, manifest\u00f3 que de los 122 delincuentes m\u00e1s peligrosos, 90 est\u00e1n encarcelados o muertos, y asegur\u00f3 que seguir\u00e1n tras el resto de aquellos que a\u00fan quedan libres.<\/p>\n","protected":false},"author":93,"featured_media":0,"comment_status":"open","ping_status":"open","sticky":false,"template":"","format":"standard","meta":{"footnotes":""},"categories":[36],"tags":[],"class_list":["post-1699","post","type-post","status-publish","format-standard","hentry","category-nacion"],"_links":{"self":[{"href":"https:\/\/plazajuarez.mx\/historico\/wp-json\/wp\/v2\/posts\/1699","targetHints":{"allow":["GET"]}}],"collection":[{"href":"https:\/\/plazajuarez.mx\/historico\/wp-json\/wp\/v2\/posts"}],"about":[{"href":"https:\/\/plazajuarez.mx\/historico\/wp-json\/wp\/v2\/types\/post"}],"author":[{"embeddable":true,"href":"https:\/\/plazajuarez.mx\/historico\/wp-json\/wp\/v2\/users\/93"}],"replies":[{"embeddable":true,"href":"https:\/\/plazajuarez.mx\/historico\/wp-json\/wp\/v2\/comments?post=1699"}],"version-history":[{"count":0,"href":"https:\/\/plazajuarez.mx\/historico\/wp-json\/wp\/v2\/posts\/1699\/revisions"}],"wp:attachment":[{"href":"https:\/\/plazajuarez.mx\/historico\/wp-json\/wp\/v2\/media?parent=1699"}],"wp:term":[{"taxonomy":"category","embeddable":true,"href":"https:\/\/plazajuarez.mx\/historico\/wp-json\/wp\/v2\/categories?post=1699"},{"taxonomy":"post_tag","embeddable":true,"href":"https:\/\/plazajuarez.mx\/historico\/wp-json\/wp\/v2\/tags?post=1699"}],"curies":[{"name":"wp","href":"https:\/\/api.w.org\/{rel}","templated":true}]}}