{"id":169789,"date":"2021-06-29T11:14:37","date_gmt":"2021-06-29T16:14:37","guid":{"rendered":"https:\/\/plazajuarez.mx\/?p=169789"},"modified":"2021-06-29T11:14:57","modified_gmt":"2021-06-29T16:14:57","slug":"respeta-amlo-despenalizacion-de-marihuana-pero-analizara-sus-efectos","status":"publish","type":"post","link":"https:\/\/plazajuarez.mx\/historico\/respeta-amlo-despenalizacion-de-marihuana-pero-analizara-sus-efectos\/","title":{"rendered":"Respeta AMLO despenalizaci\u00f3n de marihuana pero analizar\u00e1 sus efectos"},"content":{"rendered":"\n<p class=\"wp-block-paragraph\">El presidente de M\u00e9xico, Andr\u00e9s Manuel L\u00f3pez Obrador, asegur\u00f3 este martes que respeta la decisi\u00f3n de la Suprema Corte de Justicia de la Naci\u00f3n (SCJN) que anul\u00f3 la prohibici\u00f3n del uso l\u00fadico de la marihuana, pero indic\u00f3 que analizar\u00e1 los &#8220;efectos&#8221; de la misma y se mostr\u00f3 contrario al comercio.<\/p>\n\n\n\n<p class=\"wp-block-paragraph\">&#8220;Vamos a respetar lo que ha decidido (la SCJN) y vamos a evaluar, ver qu\u00e9 efectos tiene, si vemos que no ayuda, que no es bueno para el pa\u00eds, que no es bueno para enfrentar el grave problema de la drogadicci\u00f3n, que no es bueno para detener la violencia, entonces actuar\u00edamos&#8221;, se\u00f1al\u00f3 el mandatario en su rueda de prensa matutina.<\/p>\n\n\n\n<p class=\"wp-block-paragraph\">El lunes, la SCJN aprob\u00f3 un fallo hist\u00f3rico que levanta la prohibici\u00f3n del autoconsumo l\u00fadico de marihuana en M\u00e9xico aunque no avala su comercializaci\u00f3n.<\/p>\n\n\n\n<p class=\"wp-block-paragraph\">El presidente se\u00f1al\u00f3 que a su llegada al poder el pasado 1 de diciembre de 2018, este proceso sobre la planta ya estaba en marcha y, aunque se decidi\u00f3 llevar a cabo una revisi\u00f3n en el gabinete de seguridad, no se logr\u00f3 llegar a un consenso.<\/p>\n\n\n\n<p class=\"wp-block-paragraph\">&#8220;En el Gobierno hay opiniones distintas y se decidi\u00f3 no intervenir y esperar a la SCJN que resolviera porque correspond\u00eda al Poder Judicial resolver&#8221;, refiri\u00f3.<\/p>\n\n\n\n<p class=\"wp-block-paragraph\">Se\u00f1al\u00f3 que esta diversidad de opiniones que se dio en el Gobierno, se da tambi\u00e9n en la poblaci\u00f3n del pa\u00eds, y por ello deber\u00e1 &#8220;recoger&#8221; los sentimientos de la gente &#8220;y ver c\u00f3mo se va desenvolviendo esta medida&#8221;.<\/p>\n\n\n\n<p class=\"wp-block-paragraph\">&#8220;Si vemos que perjudica, plantear\u00edamos un cambio y buscar\u00eda yo, de acuerdo a mis facultades, una iniciativa de ley&#8221; para revertir la medida, afirm\u00f3.<\/p>\n\n\n\n<p class=\"wp-block-paragraph\">SIN NEGOCIOS<\/p>\n\n\n\n<p class=\"wp-block-paragraph\">&#8220;Porque hay muchos que est\u00e1n pensando en el negocio e incluso que plantean que con esto se van a obtener impuestos y que se va a fortalecer la hacienda p\u00fablica, esto hasta me molesta porque no se puede traficar con la salud del pueblo&#8221;, subray\u00f3.<\/p>\n\n\n\n<p class=\"wp-block-paragraph\">Y agreg\u00f3 que es &#8220;inmoral traficar con al vida de los seres humanos&#8221;.<\/p>\n\n\n\n<p class=\"wp-block-paragraph\">Por todo ello &#8220;no hubo acuerdo&#8221; al interior del Gobierno y por eso se respet\u00f3 la decisi\u00f3n, que le correspond\u00eda a la Suprema Corte resolver.<\/p>\n\n\n\n<p class=\"wp-block-paragraph\">&#8220;Y ahora vamos a cumplir con lo que la Corte resolvi\u00f3 porque es nuestra obligaci\u00f3n y vamos a que la Cofepris (ente regulador en salud) se prepare y pueda cumplir con lo que se le ordena legalmente y al mismo tiempo vamos a estar atentos y muy pendientes&#8221;, concluy\u00f3.<\/p>\n\n\n\n<p class=\"wp-block-paragraph\">La decisi\u00f3n del Supremo lleg\u00f3 tras un largo camino que acab\u00f3 con un siglo de prohibici\u00f3n absoluta de la marihuana en el pa\u00eds y luego de varios amparos de consumidores y personas que utilizaban la planta de forma medicinal.<\/p>\n\n\n\n<p class=\"wp-block-paragraph\">Con la publicaci\u00f3n de la declaraci\u00f3n en el Diario Oficial de la Federaci\u00f3n (DOF), los mexicanos podr\u00e1n pedir permisos para consumir de forma privada, cultivar y portar marihuana ante la Comisi\u00f3n Federal para la Protecci\u00f3n contra Riesgos Sanitarios (Cofepris), que pertenece a la Secretar\u00eda de Salud.<\/p>\n\n\n\n<p class=\"wp-block-paragraph\">Seg\u00fan un informe de Endeavor, M\u00e9xico es el segundo productor mundial de cannabis, con hasta 27.000 toneladas anuales, mientras que la Alianza Latinoamericana del Cannabis (Alcan) calcula que la industria medicinal y l\u00fadica de esta planta generar\u00eda m\u00e1s de 22.000 millones de d\u00f3lares en cuatro a\u00f1os.<\/p>\n\n\n\n<p class=\"wp-block-paragraph\">Desde comienzos de 2021, y tras varios a\u00f1os de retrasos tras su legalizaci\u00f3n en el Congreso, en M\u00e9xico se norm\u00f3 el uso, la venta y la distribuci\u00f3n de la marihuana medicinal.<\/p>\n","protected":false},"excerpt":{"rendered":"<p>El presidente de M\u00e9xico, Andr\u00e9s Manuel L\u00f3pez Obrador, asegur\u00f3 este martes que respeta la decisi\u00f3n de la Suprema Corte de Justicia de la Naci\u00f3n (SCJN) que anul\u00f3 la prohibici\u00f3n del uso l\u00fadico de la marihuana, pero indic\u00f3 que analizar\u00e1 los &#8220;efectos&#8221; de la misma y se mostr\u00f3 contrario al comercio. &#8220;Vamos a respetar lo que [&hellip;]<\/p>\n","protected":false},"author":80,"featured_media":167343,"comment_status":"closed","ping_status":"open","sticky":false,"template":"","format":"standard","meta":{"footnotes":""},"categories":[15,36],"tags":[],"class_list":["post-169789","post","type-post","status-publish","format-standard","has-post-thumbnail","hentry","category-destacadas","category-nacion"],"_links":{"self":[{"href":"https:\/\/plazajuarez.mx\/historico\/wp-json\/wp\/v2\/posts\/169789","targetHints":{"allow":["GET"]}}],"collection":[{"href":"https:\/\/plazajuarez.mx\/historico\/wp-json\/wp\/v2\/posts"}],"about":[{"href":"https:\/\/plazajuarez.mx\/historico\/wp-json\/wp\/v2\/types\/post"}],"author":[{"embeddable":true,"href":"https:\/\/plazajuarez.mx\/historico\/wp-json\/wp\/v2\/users\/80"}],"replies":[{"embeddable":true,"href":"https:\/\/plazajuarez.mx\/historico\/wp-json\/wp\/v2\/comments?post=169789"}],"version-history":[{"count":0,"href":"https:\/\/plazajuarez.mx\/historico\/wp-json\/wp\/v2\/posts\/169789\/revisions"}],"wp:featuredmedia":[{"embeddable":true,"href":"https:\/\/plazajuarez.mx\/historico\/wp-json\/wp\/v2\/media\/167343"}],"wp:attachment":[{"href":"https:\/\/plazajuarez.mx\/historico\/wp-json\/wp\/v2\/media?parent=169789"}],"wp:term":[{"taxonomy":"category","embeddable":true,"href":"https:\/\/plazajuarez.mx\/historico\/wp-json\/wp\/v2\/categories?post=169789"},{"taxonomy":"post_tag","embeddable":true,"href":"https:\/\/plazajuarez.mx\/historico\/wp-json\/wp\/v2\/tags?post=169789"}],"curies":[{"name":"wp","href":"https:\/\/api.w.org\/{rel}","templated":true}]}}