{"id":16927,"date":"2016-02-09T12:14:56","date_gmt":"2016-02-09T12:14:56","guid":{"rendered":"http:\/\/plazajuarez.mx\/index\/index.php\/2016\/02\/09\/tuzobus-podria-ofrecer-descuento-del-50-para-adultos-mayores-y-discapacitados\/"},"modified":"2016-02-09T12:14:56","modified_gmt":"2016-02-09T12:14:56","slug":"tuzobus-podria-ofrecer-descuento-del-50-para-adultos-mayores-y-discapacitados","status":"publish","type":"post","link":"https:\/\/plazajuarez.mx\/historico\/tuzobus-podria-ofrecer-descuento-del-50-para-adultos-mayores-y-discapacitados\/","title":{"rendered":"Tuzob\u00fas podr\u00eda ofrecer  descuento del 50% para adultos  mayores y discapacitados"},"content":{"rendered":"<p>*Salvador Elguero Molina, secretario de Gobierno, dijo que en los pr\u00f3ximos d\u00edas se har\u00eda el anuncio oficial<\/p>\n<p>  <!--more-->  <\/p>\n<p>\u00a0<\/p>\n<p>El Tuzob\u00fas podr\u00eda ofrecer descuento del 50 por ciento para adultos mayores y personas con discapacidad, asegur\u00f3 Salvador Elguero Molina, Secretario de Gobierno, a\u00f1adiendo que esta informaci\u00f3n se dar\u00e1 a conocer de manera oficial en los pr\u00f3ximos d\u00edas.<\/p>\n<p>Inform\u00f3 que esta propuesta est\u00e1 en fase de valoraci\u00f3n para asegurar que el descuento podr\u00eda ser aplicable en un 50 por ciento, pero que existe una gran posibilidad de que as\u00ed lo sea, lo que beneficiar\u00e1 a este sector de la poblaci\u00f3n.<\/p>\n<p>Elguero Molina refiri\u00f3 que los estudios est\u00e1n considerando que el Sistema de Transporte Masivo tenga la facultad econ\u00f3mica de otorgar cierto n\u00famero de porcentaje, de manera que le permita mantenerse en condiciones adecuadas para los usuarios y a su vez beneficiarlos.<\/p>\n<p>La utilidad ser\u00e1 otorgada mediante una tarjeta que se entregar\u00e1 a los mismos, considerando municipios de la zona metropolitana y los propios residentes en la capital quienes son los que m\u00e1s lo utilizan.<\/p>\n<p>En el caso de los estudiantes, inform\u00f3 que no est\u00e1 considerado en esta primera etapa alg\u00fan descuento y que se har\u00e1 una valoraci\u00f3n hasta que se vaya consolidando la operaci\u00f3n del transporte, adem\u00e1s puntualiz\u00f3 que el Sistema de Transporte Convencional no tiene considerado este descuento entre sus unidades.<\/p>\n<p>Elguero Molina record\u00f3, ante la problem\u00e1tica que se ha presentado en algunos casos donde a los usuarios se les reduce de su cr\u00e9dito m\u00e1s de lo correspondido, que los afectados pueden acudir a cualquiera de los cuatro centros de atenci\u00f3n para solucionar el conflicto.<\/p>\n<p>Finalmente, expres\u00f3 que en la mayor\u00eda de los casos donde se han detectado anormalidades, se les ha hecho un rembolso \u201chay manera de detectar si esa tarjeta tuvo un doble cargo, ya lo hemos hecho y se han repuesto los recursos a las tarjetas de las personas afectadas\u201d, concluy\u00f3 el Secretario de Gobierno.<\/p>\n","protected":false},"excerpt":{"rendered":"<p>*Salvador Elguero Molina, secretario de Gobierno, dijo que en los pr\u00f3ximos d\u00edas se har\u00eda el anuncio oficial<\/p>\n","protected":false},"author":93,"featured_media":0,"comment_status":"open","ping_status":"open","sticky":false,"template":"","format":"standard","meta":{"footnotes":""},"categories":[59],"tags":[],"class_list":["post-16927","post","type-post","status-publish","format-standard","hentry","category-general"],"_links":{"self":[{"href":"https:\/\/plazajuarez.mx\/historico\/wp-json\/wp\/v2\/posts\/16927","targetHints":{"allow":["GET"]}}],"collection":[{"href":"https:\/\/plazajuarez.mx\/historico\/wp-json\/wp\/v2\/posts"}],"about":[{"href":"https:\/\/plazajuarez.mx\/historico\/wp-json\/wp\/v2\/types\/post"}],"author":[{"embeddable":true,"href":"https:\/\/plazajuarez.mx\/historico\/wp-json\/wp\/v2\/users\/93"}],"replies":[{"embeddable":true,"href":"https:\/\/plazajuarez.mx\/historico\/wp-json\/wp\/v2\/comments?post=16927"}],"version-history":[{"count":0,"href":"https:\/\/plazajuarez.mx\/historico\/wp-json\/wp\/v2\/posts\/16927\/revisions"}],"wp:attachment":[{"href":"https:\/\/plazajuarez.mx\/historico\/wp-json\/wp\/v2\/media?parent=16927"}],"wp:term":[{"taxonomy":"category","embeddable":true,"href":"https:\/\/plazajuarez.mx\/historico\/wp-json\/wp\/v2\/categories?post=16927"},{"taxonomy":"post_tag","embeddable":true,"href":"https:\/\/plazajuarez.mx\/historico\/wp-json\/wp\/v2\/tags?post=16927"}],"curies":[{"name":"wp","href":"https:\/\/api.w.org\/{rel}","templated":true}]}}