{"id":169141,"date":"2021-06-23T10:04:00","date_gmt":"2021-06-23T15:04:00","guid":{"rendered":"https:\/\/plazajuarez.mx\/?p=169141"},"modified":"2021-06-23T12:04:45","modified_gmt":"2021-06-23T17:04:45","slug":"por-tentativa-de-feminicidio-va-16-anos-a-prision","status":"publish","type":"post","link":"https:\/\/plazajuarez.mx\/historico\/por-tentativa-de-feminicidio-va-16-anos-a-prision\/","title":{"rendered":"Por tentativa de feminicidio va 16 a\u00f1os a prisi\u00f3n"},"content":{"rendered":"\n<p>Luego de que un agente del ministerio p\u00fablico adscrito a la Fiscal\u00eda Especializada para la Atenci\u00f3n de Delitos de G\u00e9nero acreditara ante un juez penal la responsabilidad de una persona por tentativa de feminicidio, esta fue sentenciada a 16 a\u00f1os de prisi\u00f3n.<\/p>\n\n\n\n<p>En Pachuca, el 23 de marzo del 2019 ingres\u00f3 al Hospital General una persona de g\u00e9nero femenino quien presentaba lesiones, en consecuencia se inici\u00f3 una carpeta de investigaci\u00f3n.<\/p>\n\n\n\n<p>Para las indagatorias de dicha carpeta, fue necesaria la intervenci\u00f3n de la Fiscal\u00eda Especializada para la Atenci\u00f3n de Delitos de G\u00e9nero, quien bajo el protocolo de feminicidio reuni\u00f3 los datos de prueba con los que se determin\u00f3 la probable responsabilidad de Francisco Javier \u201cN\u201d, pareja sentimental de la agraviada.<\/p>\n\n\n\n<p>Mediante una orden de aprehensi\u00f3n el agresor fue detenido y presentado ante la autoridad judicial, posteriormente se formul\u00f3 la imputaci\u00f3n y con los datos de prueba aportados por el Ministerio P\u00fablico, se obtuvo la vinculaci\u00f3n a proceso de quien hasta ese momento ten\u00eda la calidad de probable.<\/p>\n\n\n\n<p>Tras agotarse las etapas del proceso penal, el tribunal de enjuiciamiento determin\u00f3 que Francisco Javier \u201cN\u201d era responsable de los hechos que se le imputaron, raz\u00f3n por la que fue sentenciado a 16 a\u00f1os y 8 meses de prisi\u00f3n m\u00e1s el pago de una multa para reparar el da\u00f1o.<\/p>\n","protected":false},"excerpt":{"rendered":"<p>Luego de que un agente del ministerio p\u00fablico adscrito a la Fiscal\u00eda Especializada para la Atenci\u00f3n de Delitos de G\u00e9nero acreditara ante un juez penal la responsabilidad de una persona por tentativa de feminicidio, esta fue sentenciada a 16 a\u00f1os de prisi\u00f3n. En Pachuca, el 23 de marzo del 2019 ingres\u00f3 al Hospital General una [&hellip;]<\/p>\n","protected":false},"author":93,"featured_media":169170,"comment_status":"closed","ping_status":"open","sticky":false,"template":"","format":"standard","meta":{"footnotes":""},"categories":[37],"tags":[],"class_list":["post-169141","post","type-post","status-publish","format-standard","has-post-thumbnail","hentry","category-barandilla"],"_links":{"self":[{"href":"https:\/\/plazajuarez.mx\/historico\/wp-json\/wp\/v2\/posts\/169141","targetHints":{"allow":["GET"]}}],"collection":[{"href":"https:\/\/plazajuarez.mx\/historico\/wp-json\/wp\/v2\/posts"}],"about":[{"href":"https:\/\/plazajuarez.mx\/historico\/wp-json\/wp\/v2\/types\/post"}],"author":[{"embeddable":true,"href":"https:\/\/plazajuarez.mx\/historico\/wp-json\/wp\/v2\/users\/93"}],"replies":[{"embeddable":true,"href":"https:\/\/plazajuarez.mx\/historico\/wp-json\/wp\/v2\/comments?post=169141"}],"version-history":[{"count":0,"href":"https:\/\/plazajuarez.mx\/historico\/wp-json\/wp\/v2\/posts\/169141\/revisions"}],"wp:featuredmedia":[{"embeddable":true,"href":"https:\/\/plazajuarez.mx\/historico\/wp-json\/wp\/v2\/media\/169170"}],"wp:attachment":[{"href":"https:\/\/plazajuarez.mx\/historico\/wp-json\/wp\/v2\/media?parent=169141"}],"wp:term":[{"taxonomy":"category","embeddable":true,"href":"https:\/\/plazajuarez.mx\/historico\/wp-json\/wp\/v2\/categories?post=169141"},{"taxonomy":"post_tag","embeddable":true,"href":"https:\/\/plazajuarez.mx\/historico\/wp-json\/wp\/v2\/tags?post=169141"}],"curies":[{"name":"wp","href":"https:\/\/api.w.org\/{rel}","templated":true}]}}