{"id":16913,"date":"2016-02-08T14:21:19","date_gmt":"2016-02-08T14:21:19","guid":{"rendered":"http:\/\/plazajuarez.mx\/index\/index.php\/2016\/02\/08\/a-que-viene-el-papa\/"},"modified":"2016-02-08T14:21:19","modified_gmt":"2016-02-08T14:21:19","slug":"a-que-viene-el-papa","status":"publish","type":"post","link":"https:\/\/plazajuarez.mx\/historico\/a-que-viene-el-papa\/","title":{"rendered":"\u00bfA qu\u00e9 viene el Papa?"},"content":{"rendered":"<p>Las visitas de los Papas tienen un doble componente y una doble complejidad: como jefes del Estado Vaticano les corresponden los honores, atenciones y prerrogativas de un dirigente terrenal.<\/p>\n<p>  <!--more-->  <\/p>\n<p>Como l\u00edderes espirituales de millones y millones de cat\u00f3licos se deben a sus fieles, a su liturgia, y al mensaje central de la Iglesia y las creencias que representa. Conciliar ambos papeles no siempre es f\u00e1cil, ni para el visitante ni para los pa\u00edses que lo reciben. <br \/>Tiempos hubo, no tan lejanos, en que una visita del sumo pont\u00edfice era garant\u00eda de bonos para sus anfitriones, y no solamente de indulgencias, casi siempre una visita papal era altamente deseable para los poderosos y para el establishment del pa\u00eds que lo recibir\u00eda. <br \/>Fue el caso en las visitas del mismo Juan Pablo II a M\u00e9xico o en sus peregrinares por el mundo. Visitas de proselitismo religioso e ideol\u00f3gico, perfectamente coreografiadas, enfocadas en proteger los intereses establecidos de la Iglesia cat\u00f3lica, que no son necesariamente de esa religi\u00f3n. Y es que durante su larga gesti\u00f3n, marcada por su evangelizar en aquellas partes del mundo donde m\u00e1s amenazada se sent\u00eda la hegemon\u00eda cat\u00f3lica o donde apenas empezaba a sentar sus reales, puso tambi\u00e9n en el escaparate sus m\u00faltiples contradicciones. <br \/>El cristianismo es hoy en d\u00eda la religi\u00f3n predominante en el mundo, con m\u00e1s de 2 mil 200 millones de fieles. De ellos, alrededor de la mitad son cat\u00f3licos, el 37% protestantes, el 12% ortodoxos y el resto pertenecen a denominaciones menos conocidas, o referidas a veces despectivamente por muchos como sectas: los Testigos de Jehov\u00e1, los mormones u otros similares, de acuerdo a un estudio publicado por el prestigiado Pew Research Center (www.pewforum.org). <br \/>En algunas partes del mundo, notablemente en \u00c1frica y Am\u00e9rica Latina, el crecimiento de las denominaciones alternas ha sido verdaderamente explosivo, lo cual ha colocado a la Iglesia cat\u00f3lica ante un grave problema: por un lado, las nuevas expresiones religiosas requieren firmeza doctrinaria para mantener tradiciones y fe, pero por el otro la inflexibilidad del Vaticano ante fen\u00f3menos sociales y de salud p\u00fablica lo colocan a contrapelo del sentir y del creer de millones en el mundo en desarrollo, que cada vez se sienten menos representados y comprendidos por las instituciones tradicionales de la Iglesia cat\u00f3lica. <br \/>Una cosa fue, en los a\u00f1os 70 y 80 el reto de la Teolog\u00eda de la Liberaci\u00f3n, que buscaba hacer compatibles los reclamos sociales y justicieros de poblaciones oprimidas y perseguidas con las ense\u00f1anzas religiosas. Especialmente en Am\u00e9rica Latina, donde la jerarqu\u00eda cat\u00f3lica ha tendido a estar m\u00e1s cerca de los ricos y poderosos, ignorando su verdadero origen y vocaci\u00f3n, la Teolog\u00eda de la Liberaci\u00f3n y sus vertientes menos ideologizadas encontraron campo f\u00e9rtil en la pobreza y marginaci\u00f3n que se topaban con las ostentosas riquezas no solo de las clases pudientes sino, especialmente, de los jerarcas de la iglesia que, una y otra y por en\u00e9sima vez, lucran con el poder y la influencia que les confiere el p\u00falpito. <br \/>El Papa Francisco, a diferencia de sus antecesores recientes, es jesuita, es latino, conoce de primera mano lo dif\u00edcil que es la coexistencia con una dictadura represora como las que azotaron a Argentina durante d\u00e9cadas , as\u00ed como las secuelas de las crisis econ\u00f3micas que la han desdibujado. <br \/>No llegar\u00e1 a M\u00e9xico a ver qu\u00e9 le cuentan, o qu\u00e9 ficticia imagen le presentan los nuncios o cardenales que conocen mejor los restaurantes de lujo de la Ciudad de M\u00e9xico que los barrios y los cad\u00e1veres de Ciudad Ju\u00e1rez, las penurias de los ind\u00edgenas de los alrededores de San Crist\u00f3bal, la problem\u00e1tica de la pobreza urbana en Ecatepec, o la violencia impune de Michoac\u00e1n. <br \/>Y tendr\u00e1 algo que decir al respecto, que seguramente no ser\u00e1 lo que sus anfitriones querr\u00e1n o\u00edr. Eso es bueno, porque retumbar\u00e1 en muchas conciencias, aunque al final de la visita los jerarcas vuelvan a sus lujosos y c\u00f3modos aposentos, donde creen que no pasa nada, pero donde se est\u00e1 ya desdibujando la arquitectura tradicional de la Iglesia Cat\u00f3lica&#8230; <br \/>Twitter: @gabrielguerrac <br \/>www.gabrielguerracastellanos.com <br \/>Facebook: Gabriel Guerra Castellanos \u00a0\u00a0 \u00a0\u00a0\u00a0 \u00a0<\/p>\n","protected":false},"excerpt":{"rendered":"<p>Las visitas de los Papas tienen un doble componente y una doble complejidad: como jefes del Estado Vaticano les corresponden los honores, atenciones y prerrogativas de un dirigente terrenal.<\/p>\n","protected":false},"author":93,"featured_media":0,"comment_status":"open","ping_status":"open","sticky":false,"template":"","format":"standard","meta":{"footnotes":""},"categories":[42],"tags":[],"class_list":["post-16913","post","type-post","status-publish","format-standard","hentry","category-nuestrapalabra"],"_links":{"self":[{"href":"https:\/\/plazajuarez.mx\/historico\/wp-json\/wp\/v2\/posts\/16913","targetHints":{"allow":["GET"]}}],"collection":[{"href":"https:\/\/plazajuarez.mx\/historico\/wp-json\/wp\/v2\/posts"}],"about":[{"href":"https:\/\/plazajuarez.mx\/historico\/wp-json\/wp\/v2\/types\/post"}],"author":[{"embeddable":true,"href":"https:\/\/plazajuarez.mx\/historico\/wp-json\/wp\/v2\/users\/93"}],"replies":[{"embeddable":true,"href":"https:\/\/plazajuarez.mx\/historico\/wp-json\/wp\/v2\/comments?post=16913"}],"version-history":[{"count":0,"href":"https:\/\/plazajuarez.mx\/historico\/wp-json\/wp\/v2\/posts\/16913\/revisions"}],"wp:attachment":[{"href":"https:\/\/plazajuarez.mx\/historico\/wp-json\/wp\/v2\/media?parent=16913"}],"wp:term":[{"taxonomy":"category","embeddable":true,"href":"https:\/\/plazajuarez.mx\/historico\/wp-json\/wp\/v2\/categories?post=16913"},{"taxonomy":"post_tag","embeddable":true,"href":"https:\/\/plazajuarez.mx\/historico\/wp-json\/wp\/v2\/tags?post=16913"}],"curies":[{"name":"wp","href":"https:\/\/api.w.org\/{rel}","templated":true}]}}