{"id":16908,"date":"2016-02-08T14:19:45","date_gmt":"2016-02-08T14:19:45","guid":{"rendered":"http:\/\/plazajuarez.mx\/index\/index.php\/2016\/02\/08\/araiza-defiende-a-legarreta\/"},"modified":"2016-02-08T14:19:45","modified_gmt":"2016-02-08T14:19:45","slug":"araiza-defiende-a-legarreta","status":"publish","type":"post","link":"https:\/\/plazajuarez.mx\/historico\/araiza-defiende-a-legarreta\/","title":{"rendered":"Araiza defiende a Legarreta"},"content":{"rendered":"<p>Opin\u00f3 que la reacci\u00f3n de la gente con relaci\u00f3n a los comentarios de Andrea Legarreta sobre el d\u00f3lar, estuvo desproporcionada, pues no se trat\u00f3 de una opini\u00f3n personal<\/p>\n<p>  <!--more-->  <\/p>\n<p>\u00a0\u00a0\u00a0\u00a0\u00a0\u00a0\u00a0\u00a0\u00a0\u00a0\u00a0\u00a0\u00a0\u00a0 <\/p>\n<p>El conductor Ra\u00fal Araiza \u201cEl Negro\u201d, opin\u00f3 que la reacci\u00f3n de la gente con relaci\u00f3n a los comentarios de Andrea Legarreta sobre el d\u00f3lar, estuvo desproporcionada, pues no se trat\u00f3 de una opini\u00f3n personal, ni pagada, sino de un contenido que leyeron del telepronter.<\/p>\n<p>\u201cNosotros est\u00e1bamos leyendo cosas que nos pusieron en el telepronter&#8230; no nos la mand\u00f3 Pe\u00f1a, cuando el Presidente quiso que lo entrevist\u00e1ramos nos invit\u00f3 a Los Pinos&#8221;.<\/p>\n<p>En una entrevista con el programa &#8220;Suelta la Sopa&#8221;, el tambi\u00e9n actor acept\u00f3 que lo que ocurre con el d\u00f3lar s\u00ed afecta a M\u00e9xico \u201cs\u00f3lo s\u00e9 que siempre nos va a afectar, es la moneda que domina al mundo\u201d, asegur\u00f3.<\/p>\n<p>Al explicarle que seguramente mucha gente se sinti\u00f3 agredida por considerar que ellos como conductores tienen un buen sueldo y por eso el comentario sobre el d\u00f3lar, Araiza dijo que entonces hab\u00eda que trabajar m\u00e1s.<\/p>\n<p>\u201cBueno pues que le chinguen m\u00e1s, hay que trabajar\u2026 no fue burla, no fue nada\u201d.<\/p>\n<p>Coment\u00f3 que los ataques hacia \u00e9l y Andrea Legarreta vinieron de personas de izquierda y que odian a Televisa.<\/p>\n<p>\u201cSiempre se van a subir los de izquierda elevada, a quererte pegar, los que odian a Televisa, pero eso ya es viej\u00edsimo\u201d.<\/p>\n<p>Agreg\u00f3 que Andrea se encuentra bien an\u00edmicamente, que lo ocurrido la hizo crecer.<\/p>\n<p>\u201cElla est\u00e1 bien, estas cosas te hacen crecer, dices &#8216;h\u00edjole mano, no deb\u00ed haberme enganchado con tres idiotas&#8217;&#8230;Y no es idiotas de insulto, es &#8216;carnal, rel\u00e1jate ponte a chambear m\u00e1s\u2019\u201d.<\/p>\n<p>Finalmente reconoci\u00f3 el talento de Andrea Legarreta, su compa\u00f1era en el programa &#8220;Hoy&#8221;.<\/p>\n<p>\u201cElla es muy inteligente, y vuelvo a lo mismo, si hay alguien preparado es Andrea\u201d.<\/p>\n","protected":false},"excerpt":{"rendered":"<p>Opin\u00f3 que la reacci\u00f3n de la gente con relaci\u00f3n a los comentarios de Andrea Legarreta sobre el d\u00f3lar, estuvo desproporcionada, pues no se trat\u00f3 de una opini\u00f3n personal<\/p>\n","protected":false},"author":93,"featured_media":0,"comment_status":"open","ping_status":"open","sticky":false,"template":"","format":"standard","meta":{"footnotes":""},"categories":[38],"tags":[],"class_list":["post-16908","post","type-post","status-publish","format-standard","hentry","category-show"],"_links":{"self":[{"href":"https:\/\/plazajuarez.mx\/historico\/wp-json\/wp\/v2\/posts\/16908","targetHints":{"allow":["GET"]}}],"collection":[{"href":"https:\/\/plazajuarez.mx\/historico\/wp-json\/wp\/v2\/posts"}],"about":[{"href":"https:\/\/plazajuarez.mx\/historico\/wp-json\/wp\/v2\/types\/post"}],"author":[{"embeddable":true,"href":"https:\/\/plazajuarez.mx\/historico\/wp-json\/wp\/v2\/users\/93"}],"replies":[{"embeddable":true,"href":"https:\/\/plazajuarez.mx\/historico\/wp-json\/wp\/v2\/comments?post=16908"}],"version-history":[{"count":0,"href":"https:\/\/plazajuarez.mx\/historico\/wp-json\/wp\/v2\/posts\/16908\/revisions"}],"wp:attachment":[{"href":"https:\/\/plazajuarez.mx\/historico\/wp-json\/wp\/v2\/media?parent=16908"}],"wp:term":[{"taxonomy":"category","embeddable":true,"href":"https:\/\/plazajuarez.mx\/historico\/wp-json\/wp\/v2\/categories?post=16908"},{"taxonomy":"post_tag","embeddable":true,"href":"https:\/\/plazajuarez.mx\/historico\/wp-json\/wp\/v2\/tags?post=16908"}],"curies":[{"name":"wp","href":"https:\/\/api.w.org\/{rel}","templated":true}]}}