{"id":169068,"date":"2021-06-23T07:41:03","date_gmt":"2021-06-23T12:41:03","guid":{"rendered":"https:\/\/plazajuarez.mx\/?p=169068"},"modified":"2021-06-23T07:41:20","modified_gmt":"2021-06-23T12:41:20","slug":"retratos-hablados-1069","status":"publish","type":"post","link":"https:\/\/plazajuarez.mx\/historico\/retratos-hablados-1069\/","title":{"rendered":"RETRATOS HABLADOS"},"content":{"rendered":"\n<h2 class=\"wp-block-heading\"><strong>A bailar el tango \u201cCambalache\u201d<\/strong><\/h2>\n\n\n\n<p>Las postrimer\u00edas de todo gobierno generan, casi en autom\u00e1tico, la aparici\u00f3n o reaparici\u00f3n de personajes de lamentable memoria en el Estado, o o bien de sus seguidores envalentonados, porque dan por hecho que el tema de la sucesi\u00f3n debilita al mandatario en turno. No ser\u00e1, aseguran, la primera vez que una administraci\u00f3n gubernamental cierra las cortina de manera adelantada.<\/p>\n\n\n\n<p>No es casual que el ex diputado federal de Morena, Cipriano Charrez, arrecie la campa\u00f1a para salir del penal de Pachuca, al grado que uno de sus seguidores, que en facebook se identific\u00f3 como hermano del personaje citado, amenaz\u00f3 al gobernador Fayad y su familia si algo le llegara a pasar a Cipriano.<\/p>\n\n\n\n<p>\u201cSolamente le digo a usted se\u00f1or gobernador Omar fayatd. Si algo le pasa a mi hermano usted lo pagar\u00e1 caro. Usted tiene una familia tambi\u00e9n as\u00ed que por favor lea bien y recuerde\u201d, escribi\u00f3 un supuesto Benjam\u00edn Charrez.<\/p>\n\n\n\n<p>De qu\u00e9 se trata todo esto?<\/p>\n\n\n\n<p>Si el ex legislador federal enferm\u00f3 por una huelga de hambre prolongada para exigir ser puesto en libertad, sin duda debe ser evaluado y atendido en su salud, pero esto de ninguna manera deber\u00e1 traducirse en un perd\u00f3n inmediato. Un taxista muri\u00f3 quemado vivo luego de ser alcanzado por el veh\u00edculo que conduc\u00eda Charrez el d\u00eda aciago en que se registr\u00f3 el hecho, sin recibir ayuda. Para \u00e9l no hubo oportunidad de manifestar su inconformidad.<\/p>\n\n\n\n<p>Y a lo anterior se suma el bloqueo de v\u00edas de comunicaci\u00f3n en el Mezquital por seguidores del alcalde de San Salvador, Armando Azpeitia, en una espiral de complicaciones con evidentes tintes pol\u00edticos.<\/p>\n\n\n\n<p>Ninguna acci\u00f3n puede considerarse inocente en estos tiempos, plagados de interrogantes y ninguna respuesta clara.<\/p>\n\n\n\n<p>Vivimos momentos que son una constante en las postrimer\u00edas de un gobierno, y en los que a toda costa se buscar\u00e1 implantar la idea de que solo una \u201cRevoluci\u00f3n\u201d es la alternativa, al menos en el imaginario de los que hacen llegar mensajes \u201ccombativos\u201d en tardes y d\u00edas \u201ccombativas\u201d.<\/p>\n\n\n\n<p>Polarizar a\u00fan m\u00e1s una sociedad rinde buenos dividendos pol\u00edticos, y el ejemplo llega cotidianamente desde Palacio Nacional.<\/p>\n\n\n\n<p>Pero polarizar, dividir, no significa avance de ning\u00fan tipo, como no sea el resurgimiento de \u201cguerrilleros\u201d de morral, casi todos quincuagenarios o sexagenarios, que a toda costa buscan incluirse en el el calendario del martirio.<\/p>\n\n\n\n<p>Tiempos, siempre lo habr\u00e9 de anotar, en que el tango \u201cCambalache\u201d, cobra m\u00e1s y m\u00e1s actualidad.<\/p>\n\n\n\n<p>Mil gracias, hasta ma\u00f1ana.<\/p>\n\n\n\n<p>jeperalta@plazajuarez.mx\/historico\/historico<\/p>\n\n\n\n<p>@JavierEPeralta<\/p>\n","protected":false},"excerpt":{"rendered":"<p>A bailar el tango \u201cCambalache\u201d Las postrimer\u00edas de todo gobierno generan, casi en autom\u00e1tico, la aparici\u00f3n o reaparici\u00f3n de personajes de lamentable memoria en el Estado, o o bien de sus seguidores envalentonados, porque dan por hecho que el tema de la sucesi\u00f3n debilita al mandatario en turno. No ser\u00e1, aseguran, la primera vez que [&hellip;]<\/p>\n","protected":false},"author":10,"featured_media":154933,"comment_status":"closed","ping_status":"open","sticky":false,"template":"","format":"standard","meta":{"footnotes":""},"categories":[49,42],"tags":[],"class_list":["post-169068","post","type-post","status-publish","format-standard","has-post-thumbnail","hentry","category-javier-peralta","category-nuestrapalabra"],"_links":{"self":[{"href":"https:\/\/plazajuarez.mx\/historico\/wp-json\/wp\/v2\/posts\/169068","targetHints":{"allow":["GET"]}}],"collection":[{"href":"https:\/\/plazajuarez.mx\/historico\/wp-json\/wp\/v2\/posts"}],"about":[{"href":"https:\/\/plazajuarez.mx\/historico\/wp-json\/wp\/v2\/types\/post"}],"author":[{"embeddable":true,"href":"https:\/\/plazajuarez.mx\/historico\/wp-json\/wp\/v2\/users\/10"}],"replies":[{"embeddable":true,"href":"https:\/\/plazajuarez.mx\/historico\/wp-json\/wp\/v2\/comments?post=169068"}],"version-history":[{"count":0,"href":"https:\/\/plazajuarez.mx\/historico\/wp-json\/wp\/v2\/posts\/169068\/revisions"}],"wp:featuredmedia":[{"embeddable":true,"href":"https:\/\/plazajuarez.mx\/historico\/wp-json\/wp\/v2\/media\/154933"}],"wp:attachment":[{"href":"https:\/\/plazajuarez.mx\/historico\/wp-json\/wp\/v2\/media?parent=169068"}],"wp:term":[{"taxonomy":"category","embeddable":true,"href":"https:\/\/plazajuarez.mx\/historico\/wp-json\/wp\/v2\/categories?post=169068"},{"taxonomy":"post_tag","embeddable":true,"href":"https:\/\/plazajuarez.mx\/historico\/wp-json\/wp\/v2\/tags?post=169068"}],"curies":[{"name":"wp","href":"https:\/\/api.w.org\/{rel}","templated":true}]}}