{"id":169065,"date":"2021-06-23T07:38:38","date_gmt":"2021-06-23T12:38:38","guid":{"rendered":"https:\/\/plazajuarez.mx\/?p=169065"},"modified":"2021-06-23T07:38:53","modified_gmt":"2021-06-23T12:38:53","slug":"alfil-negro-2105","status":"publish","type":"post","link":"https:\/\/plazajuarez.mx\/historico\/alfil-negro-2105\/","title":{"rendered":"ALFIL NEGRO"},"content":{"rendered":"\n<h2 class=\"wp-block-heading\"><strong>\u00a1Otra vez la burra al trigo!<\/strong><\/h2>\n\n\n\n<p>Es una expresi\u00f3n que habla del hartazgo y cansancio ante la necedad de gentes que con la terquedad y negaci\u00f3n a aprender de los hechos, se aferran a sus propuestas sin querer&nbsp; dan un paso atr\u00e1s. Dice la agenda del lenguaje que en principio no era burra la del refr\u00e1n sino mula por la terquedad en su actuar.<\/p>\n\n\n\n<p>Eso de otra vez la burra al trigo, viene como anillo al dedo como dice el due\u00f1o del micr\u00f3fono en la ma\u00f1ana, a la forma de actuar de algunos diputados de Morena de nuestro Congreso, que no aprendieron de lo que pas\u00f3 en esta Legislatura 64 y vuelven a las andadas en lo de la Presidencia de la Junta de Gobierno, que provoc\u00f3 enfrentamientos y distanciamientos en las bancadas por la necedad de querer estar los tres a\u00f1os con el bast\u00f3n de mando&nbsp; en esa legislatura.<\/p>\n\n\n\n<p>Por cierto, todav\u00eda se recuerdan las intentonas de no dejar el cargo de parte del Grupo Universidad, cuyos diputados buscaron hasta cambiar la Ley Org\u00e1nica del Congreso para quedarse en la Presidencia.<\/p>\n\n\n\n<p>Despu\u00e9s de muchos sombrerazos y trompones, los partidos con mayor\u00eda de votos tuvieron la Presidencia un a\u00f1o cada uno, lo que result\u00f3 bueno por la representatividad popular que tienen.<\/p>\n\n\n\n<p>Pero, \u00bfqu\u00e9 cree usted? Pues nada, que otra vez renaci\u00f3 la ambici\u00f3n para quedarse los tres a\u00f1os con la Presidencia y con cambio de la Ley Org\u00e1nica, que ya propuso uno de estos legisladores para dejarles ese regalo a los que vienen de su partido.<\/p>\n\n\n\n<p>De suyo la bancada Morena de esta Legislatura no es muy brillante y ense\u00f1\u00f3 el cobre con sus acciones de abuso en el presupuesto, y en su pol\u00edtica de rencor contra el gobierno estatal y ahora&nbsp; salen con esto.<\/p>\n\n\n\n<p>El actual Presidente de la Junta de Gobierno del Congreso ASAEL HERN\u00c1NDEZ, opina que no se dar\u00e1 el agandalle por algo que es elemental, Morena gan\u00f3 diputaciones pero no todas las de la alianza y esto crea intereses distintos de los miembros de Juntos Haremos Historia.<\/p>\n\n\n\n<p>As\u00ed las cosas de los diputados que ya se van, pero que en el poco tiempo que les queda, parece que no aprendieron de lo que pas\u00f3 en esta Legislatura a la que ya le cantan las golondrinas.<\/p>\n","protected":false},"excerpt":{"rendered":"<p>\u00a1Otra vez la burra al trigo! Es una expresi\u00f3n que habla del hartazgo y cansancio ante la necedad de gentes que con la terquedad y negaci\u00f3n a aprender de los hechos, se aferran a sus propuestas sin querer&nbsp; dan un paso atr\u00e1s. Dice la agenda del lenguaje que en principio no era burra la del [&hellip;]<\/p>\n","protected":false},"author":83,"featured_media":154739,"comment_status":"closed","ping_status":"open","sticky":false,"template":"","format":"standard","meta":{"footnotes":""},"categories":[48,42],"tags":[],"class_list":["post-169065","post","type-post","status-publish","format-standard","has-post-thumbnail","hentry","category-adalberto-peralta","category-nuestrapalabra"],"_links":{"self":[{"href":"https:\/\/plazajuarez.mx\/historico\/wp-json\/wp\/v2\/posts\/169065","targetHints":{"allow":["GET"]}}],"collection":[{"href":"https:\/\/plazajuarez.mx\/historico\/wp-json\/wp\/v2\/posts"}],"about":[{"href":"https:\/\/plazajuarez.mx\/historico\/wp-json\/wp\/v2\/types\/post"}],"author":[{"embeddable":true,"href":"https:\/\/plazajuarez.mx\/historico\/wp-json\/wp\/v2\/users\/83"}],"replies":[{"embeddable":true,"href":"https:\/\/plazajuarez.mx\/historico\/wp-json\/wp\/v2\/comments?post=169065"}],"version-history":[{"count":0,"href":"https:\/\/plazajuarez.mx\/historico\/wp-json\/wp\/v2\/posts\/169065\/revisions"}],"wp:featuredmedia":[{"embeddable":true,"href":"https:\/\/plazajuarez.mx\/historico\/wp-json\/wp\/v2\/media\/154739"}],"wp:attachment":[{"href":"https:\/\/plazajuarez.mx\/historico\/wp-json\/wp\/v2\/media?parent=169065"}],"wp:term":[{"taxonomy":"category","embeddable":true,"href":"https:\/\/plazajuarez.mx\/historico\/wp-json\/wp\/v2\/categories?post=169065"},{"taxonomy":"post_tag","embeddable":true,"href":"https:\/\/plazajuarez.mx\/historico\/wp-json\/wp\/v2\/tags?post=169065"}],"curies":[{"name":"wp","href":"https:\/\/api.w.org\/{rel}","templated":true}]}}