{"id":16906,"date":"2016-02-08T14:19:01","date_gmt":"2016-02-08T14:19:01","guid":{"rendered":"http:\/\/plazajuarez.mx\/index\/index.php\/2016\/02\/08\/fuck-donald-trump-grita-marc-anthony\/"},"modified":"2016-02-08T14:19:01","modified_gmt":"2016-02-08T14:19:01","slug":"fuck-donald-trump-grita-marc-anthony","status":"publish","type":"post","link":"https:\/\/plazajuarez.mx\/historico\/fuck-donald-trump-grita-marc-anthony\/","title":{"rendered":"&#8220;Fuck Donald Trump!&#8221;, grita Marc Anthony"},"content":{"rendered":"<p>El cantante Marc Anthony alz\u00f3 su voz contra Donald Trump en un concierto del s\u00e1bado en el Madison Square Garden de Nueva York.<\/p>\n<p>  <!--more-->  <\/p>\n<p>\u00a0<\/p>\n<p>Nacido en Nueva York, pero de ascendencia puertorrique\u00f1a, Anthony coment\u00f3 a la audiencia:<\/p>\n<p>\u201cAntes de irme quiero decir dos cosas: Fuck Donald Trump\u201d, se\u00f1al\u00f3 ante la euforia del p\u00fablico, adem\u00e1s de llamarlo \u201cmotherfucker\u201d (hijo de p).<\/p>\n<p>Despu\u00e9s de sus palabras, Anthony grit\u00f3 \u201cMi gente\u201d, para dar paso al tema del mismo nombre.<\/p>\n<p>Varias son las estrellas que han respondido a los comentarios de Trump en contra de la comunidad latinoamericana en Estados Unidos. El a\u00f1o pasado, en particular, dijo que M\u00e9xico s\u00f3lo env\u00eda criminales a EU.<\/p>\n","protected":false},"excerpt":{"rendered":"<p>El cantante Marc Anthony alz\u00f3 su voz contra Donald Trump en un concierto del s\u00e1bado en el Madison Square Garden de Nueva York.<\/p>\n","protected":false},"author":93,"featured_media":0,"comment_status":"open","ping_status":"open","sticky":false,"template":"","format":"standard","meta":{"footnotes":""},"categories":[38],"tags":[],"class_list":["post-16906","post","type-post","status-publish","format-standard","hentry","category-show"],"_links":{"self":[{"href":"https:\/\/plazajuarez.mx\/historico\/wp-json\/wp\/v2\/posts\/16906","targetHints":{"allow":["GET"]}}],"collection":[{"href":"https:\/\/plazajuarez.mx\/historico\/wp-json\/wp\/v2\/posts"}],"about":[{"href":"https:\/\/plazajuarez.mx\/historico\/wp-json\/wp\/v2\/types\/post"}],"author":[{"embeddable":true,"href":"https:\/\/plazajuarez.mx\/historico\/wp-json\/wp\/v2\/users\/93"}],"replies":[{"embeddable":true,"href":"https:\/\/plazajuarez.mx\/historico\/wp-json\/wp\/v2\/comments?post=16906"}],"version-history":[{"count":0,"href":"https:\/\/plazajuarez.mx\/historico\/wp-json\/wp\/v2\/posts\/16906\/revisions"}],"wp:attachment":[{"href":"https:\/\/plazajuarez.mx\/historico\/wp-json\/wp\/v2\/media?parent=16906"}],"wp:term":[{"taxonomy":"category","embeddable":true,"href":"https:\/\/plazajuarez.mx\/historico\/wp-json\/wp\/v2\/categories?post=16906"},{"taxonomy":"post_tag","embeddable":true,"href":"https:\/\/plazajuarez.mx\/historico\/wp-json\/wp\/v2\/tags?post=16906"}],"curies":[{"name":"wp","href":"https:\/\/api.w.org\/{rel}","templated":true}]}}