{"id":169059,"date":"2021-06-22T20:06:27","date_gmt":"2021-06-23T01:06:27","guid":{"rendered":"https:\/\/plazajuarez.mx\/?p=169059"},"modified":"2021-06-22T20:06:44","modified_gmt":"2021-06-23T01:06:44","slug":"mexico-reporta","status":"publish","type":"post","link":"https:\/\/plazajuarez.mx\/historico\/mexico-reporta\/","title":{"rendered":"M\u00e9xico reporta 261 muertes y llega a 231.505 decesos por coronavirus"},"content":{"rendered":"\n<p>&nbsp;M\u00e9xico registr\u00f3 261 muertes por la covid-19 en las \u00faltimas 24 horas para un total 231.505 decesos, inform\u00f3 este martes la Secretar\u00eda de Salud, que tambi\u00e9n report\u00f3 que el pa\u00eds lleg\u00f3 a 40,7 millones de vacunas aplicadas.<\/p>\n\n\n\n<p>Adem\u00e1s, el informe t\u00e9cnico diario registr\u00f3 4.233 nuevos contagios que elevan a 2.482.784 los casos confirmados.<\/p>\n\n\n\n<p>Con estas cifras, M\u00e9xico se sit\u00faa como el cuarto pa\u00eds con m\u00e1s decesos, por detr\u00e1s de Estados Unidos, Brasil e India, y el decimoquinto en n\u00famero de contagios confirmados, seg\u00fan el recuento de la Universidad Johns Hopkins.<\/p>\n\n\n\n<p>Sin embargo, el Gobierno reconoci\u00f3 a finales de abril que las muertes asociadas a la covid-19 son en realidad poco m\u00e1s de 332.500 tras un an\u00e1lisis de las actas de defunci\u00f3n.<\/p>\n\n\n\n<p><\/p>\n","protected":false},"excerpt":{"rendered":"<p>&nbsp;M\u00e9xico registr\u00f3 261 muertes por la covid-19 en las \u00faltimas 24 horas para un total 231.505 decesos, inform\u00f3 este martes la Secretar\u00eda de Salud, que tambi\u00e9n report\u00f3 que el pa\u00eds lleg\u00f3 a 40,7 millones de vacunas aplicadas. Adem\u00e1s, el informe t\u00e9cnico diario registr\u00f3 4.233 nuevos contagios que elevan a 2.482.784 los casos confirmados. Con estas [&hellip;]<\/p>\n","protected":false},"author":80,"featured_media":169060,"comment_status":"closed","ping_status":"open","sticky":false,"template":"","format":"standard","meta":{"footnotes":""},"categories":[15,36],"tags":[],"class_list":["post-169059","post","type-post","status-publish","format-standard","has-post-thumbnail","hentry","category-destacadas","category-nacion"],"_links":{"self":[{"href":"https:\/\/plazajuarez.mx\/historico\/wp-json\/wp\/v2\/posts\/169059","targetHints":{"allow":["GET"]}}],"collection":[{"href":"https:\/\/plazajuarez.mx\/historico\/wp-json\/wp\/v2\/posts"}],"about":[{"href":"https:\/\/plazajuarez.mx\/historico\/wp-json\/wp\/v2\/types\/post"}],"author":[{"embeddable":true,"href":"https:\/\/plazajuarez.mx\/historico\/wp-json\/wp\/v2\/users\/80"}],"replies":[{"embeddable":true,"href":"https:\/\/plazajuarez.mx\/historico\/wp-json\/wp\/v2\/comments?post=169059"}],"version-history":[{"count":0,"href":"https:\/\/plazajuarez.mx\/historico\/wp-json\/wp\/v2\/posts\/169059\/revisions"}],"wp:featuredmedia":[{"embeddable":true,"href":"https:\/\/plazajuarez.mx\/historico\/wp-json\/wp\/v2\/media\/169060"}],"wp:attachment":[{"href":"https:\/\/plazajuarez.mx\/historico\/wp-json\/wp\/v2\/media?parent=169059"}],"wp:term":[{"taxonomy":"category","embeddable":true,"href":"https:\/\/plazajuarez.mx\/historico\/wp-json\/wp\/v2\/categories?post=169059"},{"taxonomy":"post_tag","embeddable":true,"href":"https:\/\/plazajuarez.mx\/historico\/wp-json\/wp\/v2\/tags?post=169059"}],"curies":[{"name":"wp","href":"https:\/\/api.w.org\/{rel}","templated":true}]}}