{"id":169057,"date":"2021-06-22T19:57:04","date_gmt":"2021-06-23T00:57:04","guid":{"rendered":"https:\/\/plazajuarez.mx\/?p=169057"},"modified":"2021-06-22T19:57:21","modified_gmt":"2021-06-23T00:57:21","slug":"trabajo-coordinado","status":"publish","type":"post","link":"https:\/\/plazajuarez.mx\/historico\/trabajo-coordinado\/","title":{"rendered":"Trabajo coordinado de ciudadanos y Estado para proteger el medio ambiente: PAN"},"content":{"rendered":"\n<p>Preocupados por el deterioro que est\u00e1n sufriendo el medio ambiente y los ecosistemas que componen nuestra entidad, integrantes del Grupo Legislativo de Acci\u00f3n Nacional presentaron, en voz de la Dip. Claudia Lilia Luna, una reforma a la Ley para la Protecci\u00f3n al Ambiente del Estado de Hidalgo.<\/p>\n\n\n\n<p>Durante los trabajos de la sesi\u00f3n ordinaria 199, Luna Islas expres\u00f3 que, \u201clos efectos da\u00f1inos al medio ambiente, como patrimonio colectivo, se prolongan a lo largo del tiempo; afectando no solo a quienes viven actualmente, sino tambi\u00e9n a las futuras generaciones\u201d.<\/p>\n\n\n\n<p>As\u00ed mismo, la diputada panista puntualiz\u00f3 que son los tres niveles de gobierno (Federal, Estatal y Municipal) los encargados de la preservaci\u00f3n y restauraci\u00f3n del equilibrio ecol\u00f3gico, pero&nbsp; dicha actividad se ve fortalecida por la participaci\u00f3n ciudadana. Por lo que resulta importante que los individuos y el Estado trabajen de forma coordinada para prevenir y disminuir las afectaciones al medio ambiente.<\/p>\n\n\n\n<p>La denuncia popular es uno de los mecanismos con el que cuenta la poblaci\u00f3n en general, los grupos sociales, organizaciones no gubernamentales, asociaciones y sociedades, para que las autoridades se enteren acerca de un hecho que est\u00e9 en contra de las leyes en materia ambiental; y posteriormente se pueda sancionar dicha acci\u00f3n o acto, evitando se produzca o aumente el desequilibrio ecol\u00f3gico.&nbsp;<\/p>\n\n\n\n<p>En tribuna, Claudia Luna mencion\u00f3 que, \u201cla inmediatez con que intervenga la autoridad es un factor determinante en frenar o no, el da\u00f1o ambiental\u201d. Por ello, la iniciativa presentada tiene como objetivo que, \u201cse establezca en la ley la obligatoriedad de atender inmediatamente el hecho denunciado cuando sea evidente la urgencia de la misma\u201d.<\/p>\n\n\n\n<p>De esta manera quienes integran el Grupo Legislativo del Partido Acci\u00f3n Nacional en la LXIV Legislatura del Congreso del Estado de Hidalgo, demuestran una vez m\u00e1s, su compromiso con la preservaci\u00f3n del medio ambiente, a trav\u00e9s de acciones que frenan el deterioro de los ecosistemas y preservan la belleza natural en los 84 municipios hidalguenses.<\/p>\n","protected":false},"excerpt":{"rendered":"<p>Preocupados por el deterioro que est\u00e1n sufriendo el medio ambiente y los ecosistemas que componen nuestra entidad, integrantes del Grupo Legislativo de Acci\u00f3n Nacional presentaron, en voz de la Dip. Claudia Lilia Luna, una reforma a la Ley para la Protecci\u00f3n al Ambiente del Estado de Hidalgo. Durante los trabajos de la sesi\u00f3n ordinaria 199, [&hellip;]<\/p>\n","protected":false},"author":93,"featured_media":169055,"comment_status":"closed","ping_status":"open","sticky":false,"template":"","format":"standard","meta":{"footnotes":""},"categories":[15,59],"tags":[],"class_list":["post-169057","post","type-post","status-publish","format-standard","has-post-thumbnail","hentry","category-destacadas","category-general"],"_links":{"self":[{"href":"https:\/\/plazajuarez.mx\/historico\/wp-json\/wp\/v2\/posts\/169057","targetHints":{"allow":["GET"]}}],"collection":[{"href":"https:\/\/plazajuarez.mx\/historico\/wp-json\/wp\/v2\/posts"}],"about":[{"href":"https:\/\/plazajuarez.mx\/historico\/wp-json\/wp\/v2\/types\/post"}],"author":[{"embeddable":true,"href":"https:\/\/plazajuarez.mx\/historico\/wp-json\/wp\/v2\/users\/93"}],"replies":[{"embeddable":true,"href":"https:\/\/plazajuarez.mx\/historico\/wp-json\/wp\/v2\/comments?post=169057"}],"version-history":[{"count":0,"href":"https:\/\/plazajuarez.mx\/historico\/wp-json\/wp\/v2\/posts\/169057\/revisions"}],"wp:featuredmedia":[{"embeddable":true,"href":"https:\/\/plazajuarez.mx\/historico\/wp-json\/wp\/v2\/media\/169055"}],"wp:attachment":[{"href":"https:\/\/plazajuarez.mx\/historico\/wp-json\/wp\/v2\/media?parent=169057"}],"wp:term":[{"taxonomy":"category","embeddable":true,"href":"https:\/\/plazajuarez.mx\/historico\/wp-json\/wp\/v2\/categories?post=169057"},{"taxonomy":"post_tag","embeddable":true,"href":"https:\/\/plazajuarez.mx\/historico\/wp-json\/wp\/v2\/tags?post=169057"}],"curies":[{"name":"wp","href":"https:\/\/api.w.org\/{rel}","templated":true}]}}