{"id":16905,"date":"2016-02-08T14:17:26","date_gmt":"2016-02-08T14:17:26","guid":{"rendered":"http:\/\/plazajuarez.mx\/index\/index.php\/2016\/02\/08\/zambrano-pide-no-descuidar-temas-sociales-por-visita-papal\/"},"modified":"2016-02-08T14:17:26","modified_gmt":"2016-02-08T14:17:26","slug":"zambrano-pide-no-descuidar-temas-sociales-por-visita-papal","status":"publish","type":"post","link":"https:\/\/plazajuarez.mx\/historico\/zambrano-pide-no-descuidar-temas-sociales-por-visita-papal\/","title":{"rendered":"ZAMBRANO PIDE NO DESCUIDAR TEMAS SOCIALES POR VISITA PAPAL"},"content":{"rendered":"<p>CIUDAD DE M\u00c9XICO.- El presidente de la C\u00e1mara de Diputados, Jes\u00fas Zambrano (PRD) consider\u00f3 que la pr\u00f3xima visita del Jefe del Estado Vaticano a M\u00e9xico, el Papa Francisco, no debe ser aprovechada para esconder la realidad del pa\u00eds.\u00a0<br \/> Por ello hizo un llamado al gobierno federal y a los diversos sectores de la naci\u00f3n a no dejar de atender la crisis econ\u00f3mica, la inseguridad y el abandono social.\u00a0<\/p>\n<p>  <!--more-->  <\/p>\n<p> \u201cNo se puede esconder el sol con un dedo o con escenograf\u00edas lo que acontece en el pa\u00eds y sostuvo que el recorrido que har\u00e1 el jerarca religioso en diversos estados y la Ciudad de M\u00e9xico, pondr\u00e1 los ojos del mundo en nuestra naci\u00f3n\u201d, dijo.\u00a0<br \/> Zambrano Grijalva confi\u00f3 en la sensibilidad del Papa Francisco que, como latinoamericano, sabe de la problem\u00e1tica que compartimos M\u00e9xico, Argentina y todos los pa\u00edses de la zona, de manera que su visita no debe ser s\u00f3lo anecd\u00f3tica.\u00a0<br \/> Record\u00f3 las declaraciones del dignatario cat\u00f3lico de que no vendr\u00eda al pa\u00eds \u201ccomo Rey Mago, cargado de cosas para llevar mensajes, ideas y soluciones a problemas\u201d, sino netamente como \u201cperegrino\u201d.\u00a0<br \/> El diputado federal destac\u00f3 que esta visita pastoral no debe ser factor para poner de lado asuntos muy importantes para los mexicanos, miles de los cuales est\u00e1n en riesgo de perder sus empleos e ingresos por causa del encarecimiento del d\u00f3lar y la ca\u00edda de los precios del petr\u00f3leo o aquellos que esperan justicia por sus familiares muertos o desaparecidos en la ofensiva que se ha desatado contra el crimen organizado.\u00a0<\/p>\n","protected":false},"excerpt":{"rendered":"<p>CIUDAD DE M\u00c9XICO.- El presidente de la C\u00e1mara de Diputados, Jes\u00fas Zambrano (PRD) consider\u00f3 que la pr\u00f3xima visita del Jefe del Estado Vaticano a M\u00e9xico, el Papa Francisco, no debe ser aprovechada para esconder la realidad del pa\u00eds.\u00a0 Por ello hizo un llamado al gobierno federal y a los diversos sectores de la naci\u00f3n a [&hellip;]<\/p>\n","protected":false},"author":93,"featured_media":0,"comment_status":"open","ping_status":"open","sticky":false,"template":"","format":"standard","meta":{"footnotes":""},"categories":[36],"tags":[],"class_list":["post-16905","post","type-post","status-publish","format-standard","hentry","category-nacion"],"_links":{"self":[{"href":"https:\/\/plazajuarez.mx\/historico\/wp-json\/wp\/v2\/posts\/16905","targetHints":{"allow":["GET"]}}],"collection":[{"href":"https:\/\/plazajuarez.mx\/historico\/wp-json\/wp\/v2\/posts"}],"about":[{"href":"https:\/\/plazajuarez.mx\/historico\/wp-json\/wp\/v2\/types\/post"}],"author":[{"embeddable":true,"href":"https:\/\/plazajuarez.mx\/historico\/wp-json\/wp\/v2\/users\/93"}],"replies":[{"embeddable":true,"href":"https:\/\/plazajuarez.mx\/historico\/wp-json\/wp\/v2\/comments?post=16905"}],"version-history":[{"count":0,"href":"https:\/\/plazajuarez.mx\/historico\/wp-json\/wp\/v2\/posts\/16905\/revisions"}],"wp:attachment":[{"href":"https:\/\/plazajuarez.mx\/historico\/wp-json\/wp\/v2\/media?parent=16905"}],"wp:term":[{"taxonomy":"category","embeddable":true,"href":"https:\/\/plazajuarez.mx\/historico\/wp-json\/wp\/v2\/categories?post=16905"},{"taxonomy":"post_tag","embeddable":true,"href":"https:\/\/plazajuarez.mx\/historico\/wp-json\/wp\/v2\/tags?post=16905"}],"curies":[{"name":"wp","href":"https:\/\/api.w.org\/{rel}","templated":true}]}}