{"id":169046,"date":"2021-06-22T17:20:07","date_gmt":"2021-06-22T22:20:07","guid":{"rendered":"https:\/\/plazajuarez.mx\/?p=169046"},"modified":"2021-06-22T17:20:21","modified_gmt":"2021-06-22T22:20:21","slug":"del-toro","status":"publish","type":"post","link":"https:\/\/plazajuarez.mx\/historico\/del-toro\/","title":{"rendered":"Del Toro beca a animador de &#8220;Los Lobos&#8221; para estudiar en Francia"},"content":{"rendered":"\n<p>&#8220;\u00a1Es San Guillermo!&#8221;, exclama del otro lado del auricular Ezequiel Garibay, quien esta ma\u00f1ana recibi\u00f3 una beca del realizador de &#8220;El laberinto del fauno&#8221; y &#8220;La forma del agua&#8221;, para estudiar en Francia.<\/p>\n\n\n\n<p>Garibay, tapat\u00edo de 32 a\u00f1os, comenzar\u00e1 en septiembre la Maestr\u00eda en Artes, Animaci\u00f3n de Personajes y Realizaci\u00f3n de Cine Animado en GOBELINS, considerada la mejor escuela de cine de animaci\u00f3n en el mundo.<\/p>\n\n\n\n<p>&#8220;Son dos a\u00f1os que me voy, qu\u00e9 puedo decir, han sido muchas emociones, estoy feliz&#8221;, dice el animador.<\/p>\n\n\n\n<p>Esta es la tercera beca que Guillermo Del Toro y Cin\u00e9polis ofrecen a talentos mexicanos para desarrollarse en la especialidad.<\/p>\n\n\n\n<p>El trabajo de Garibay puede verse actualmente en la cinta Los lobos, donde dos ni\u00f1os dibujan lobitos ninja que en algunos clips pueden moverse por s\u00ed solos.<\/p>\n\n\n\n<p>El reto ah\u00ed es que los personajes animados deb\u00edan parecer hechos por ni\u00f1os peque\u00f1os, as\u00ed que cualquier mano profesional pod\u00eda afectar el acabado visual.<\/p>\n\n\n\n<p>&#8220;Es una animaci\u00f3n enga\u00f1osamente simple&#8221;, dice de buen humor Garibay, &#8220;fue bastante trabajo especialmente mental de c\u00f3mo resolverlo; lo primero que dije fue que los ni\u00f1os dibujaran lo que s\u00e9 que imaginaran como lobos ninja, se eligi\u00f3 alguno y fue trabajar desde ah\u00ed&#8221;, relata el creativo.<\/p>\n\n\n\n<p>A trav\u00e9s de un comunicado y su cuenta de Twitter, Del Toro felicit\u00f3 a Ezequiel, un joven que de ni\u00f1o gustaba dibujar en sus cuadernos y los maestros los felicitaban.<\/p>\n\n\n\n<p>&#8220;Este es el quinto animador que recibe esta beca, precisamente por el exceso de artistas y animadores que buscan salida creativa en nuestro pa\u00eds. La primera beca consisti\u00f3 en premiar a tres animadores al mismo tiempo&#8221;, escribi\u00f3 Del Toro.<\/p>\n\n\n\n<p>Actualmente Garibay trabaja en la compa\u00f1\u00eda Maco, la cual ha coloreado en episodios de la serie de Cartoon Network, Juaco y Paco, disponibles en Youtube.<\/p>\n\n\n\n<p>Recuerda que cuando en la Perla Tapat\u00eda se cre\u00f3 lo que llaman la F\u00e1brica de Chucho, impulsada por Del Toro y donde se est\u00e1n realizando algunas cosas para su versi\u00f3n de Pinocho, lleg\u00f3 tarde al reclutamiento.<\/p>\n\n\n\n<p>&#8220;Ahora veo que el destino tambi\u00e9n lo ten\u00eda con Guillermo del Toro, de alguna manera&#8221;, refiere.<\/p>\n","protected":false},"excerpt":{"rendered":"<p>&#8220;\u00a1Es San Guillermo!&#8221;, exclama del otro lado del auricular Ezequiel Garibay, quien esta ma\u00f1ana recibi\u00f3 una beca del realizador de &#8220;El laberinto del fauno&#8221; y &#8220;La forma del agua&#8221;, para estudiar en Francia. Garibay, tapat\u00edo de 32 a\u00f1os, comenzar\u00e1 en septiembre la Maestr\u00eda en Artes, Animaci\u00f3n de Personajes y Realizaci\u00f3n de Cine Animado en GOBELINS, [&hellip;]<\/p>\n","protected":false},"author":81,"featured_media":157397,"comment_status":"closed","ping_status":"open","sticky":false,"template":"","format":"standard","meta":{"footnotes":""},"categories":[41,15],"tags":[],"class_list":["post-169046","post","type-post","status-publish","format-standard","has-post-thumbnail","hentry","category-arteria-cultural","category-destacadas"],"_links":{"self":[{"href":"https:\/\/plazajuarez.mx\/historico\/wp-json\/wp\/v2\/posts\/169046","targetHints":{"allow":["GET"]}}],"collection":[{"href":"https:\/\/plazajuarez.mx\/historico\/wp-json\/wp\/v2\/posts"}],"about":[{"href":"https:\/\/plazajuarez.mx\/historico\/wp-json\/wp\/v2\/types\/post"}],"author":[{"embeddable":true,"href":"https:\/\/plazajuarez.mx\/historico\/wp-json\/wp\/v2\/users\/81"}],"replies":[{"embeddable":true,"href":"https:\/\/plazajuarez.mx\/historico\/wp-json\/wp\/v2\/comments?post=169046"}],"version-history":[{"count":0,"href":"https:\/\/plazajuarez.mx\/historico\/wp-json\/wp\/v2\/posts\/169046\/revisions"}],"wp:featuredmedia":[{"embeddable":true,"href":"https:\/\/plazajuarez.mx\/historico\/wp-json\/wp\/v2\/media\/157397"}],"wp:attachment":[{"href":"https:\/\/plazajuarez.mx\/historico\/wp-json\/wp\/v2\/media?parent=169046"}],"wp:term":[{"taxonomy":"category","embeddable":true,"href":"https:\/\/plazajuarez.mx\/historico\/wp-json\/wp\/v2\/categories?post=169046"},{"taxonomy":"post_tag","embeddable":true,"href":"https:\/\/plazajuarez.mx\/historico\/wp-json\/wp\/v2\/tags?post=169046"}],"curies":[{"name":"wp","href":"https:\/\/api.w.org\/{rel}","templated":true}]}}