{"id":169043,"date":"2021-06-22T17:12:22","date_gmt":"2021-06-22T22:12:22","guid":{"rendered":"https:\/\/plazajuarez.mx\/?p=169043"},"modified":"2021-06-22T17:12:44","modified_gmt":"2021-06-22T22:12:44","slug":"candidata-trans","status":"publish","type":"post","link":"https:\/\/plazajuarez.mx\/historico\/candidata-trans\/","title":{"rendered":"Hallan a candidata trans desaparecida en M\u00e9xico"},"content":{"rendered":"\n<p>Alejandra Menj\u00edvar, la primera candidata trans en la historia de El Salvador, reapareci\u00f3 este martes despu\u00e9s de haber sido reportada como desaparecida varias horas antes en M\u00e9xico.<\/p>\n\n\n\n<p>El cartel de b\u00fasqueda en el que figuraba una foto suya fue compartido recientemente por el Centro de Investigaci\u00f3n, Diversidad e Incidencia (CIDI), una organizaci\u00f3n sin \u00e1nimo de lucro mexicana, con la palabra &#8220;Encontrada&#8221; y junto al mensaje &#8220;Muchas gracias por toda su solidaridad y apoyo&#8221;.<\/p>\n\n\n\n<p>De acuerdo con medios, el CIDI asegur\u00f3 que Menj\u00edvar &#8220;est\u00e1 bien&#8221; a pesar de haber sido v\u00edctima de violencia. Adem\u00e1s, insistieron en que en las pr\u00f3ximas horas ella misma dar\u00e1 m\u00e1s detalles sobre lo sucedido.<\/p>\n\n\n\n<p>Del mismo modo, la diputada Ana Luc\u00eda Riojas inform\u00f3 a trav\u00e9s de redes sociales que la activista fue &#8220;violentada&#8221; y que &#8220;ser\u00e1 atendida como corresponde&#8221;.<\/p>\n\n\n\n<p>Seg\u00fan se\u00f1alaron medios locales, no se la pod\u00eda localizar desde el pasado domingo, pero su desaparici\u00f3n fue confirmada esta ma\u00f1ana.<\/p>\n\n\n\n<p>Horas antes, la organizaci\u00f3n Casa Frida, un refugio LGBT, hab\u00eda reportado su desaparici\u00f3n para solicitar informaci\u00f3n a quien pudiese haberla visto.<\/p>\n\n\n\n<p>&#8220;Urgente. Activista LGBT y excandidata a diputaci\u00f3n en El Salvador se encuentra desaparecida, vista por \u00faltima vez en la colonia Roma en la Ciudad de M\u00e9xico&#8221;, escribieron en Twitter hace apenas 6 horas.<\/p>\n\n\n\n<p>Menj\u00edvar fue candidata a un puesto en el Parlamento Centroamericano (Parlacen) por parte del izquierdista Frente Farabundo Mart\u00ed para la Liberaci\u00f3n Nacional (FMLN) en las elecciones del 28 de febrero, las d\u00e9cimas legislativas y municipales desde la firma de los Acuerdos de Paz en 1992, que marcaron el fin de la guerra civil que El Salvador vivi\u00f3 desde 1980 y que dej\u00f3 75.000 muertos y 8.000 desaparecidos.<\/p>\n\n\n\n<p>En estas elecciones, El Salvador renov\u00f3 a los 84 diputados de la Asamblea Legislativa, a los gobiernos municipales de las 262 localidades y fueron elegidos los representantes al Parlamento Centroamericano, cuyo per\u00edodo es de cinco a\u00f1os.<\/p>\n\n\n\n<p>El Parlacen, seg\u00fan se puede ver en su web, es un \u00f3rgano de representaci\u00f3n pol\u00edtica de la regi\u00f3n en el que participan m\u00e1s de 50 partidos de m\u00faltiples inclinaciones, donde los parlamentarios se eligen por medio de voto popular.<\/p>\n\n\n\n<p>La mujer, que tra\u00eda propuestas en las que buscaba &#8220;plasmar el sentir colectivo&#8221; de diversos sectores de la sociedad, seg\u00fan dijo a Efe en febrero, se convirti\u00f3 en la primera mujer trans en competir para un cargo de elecci\u00f3n popular en El Salvador.<\/p>\n\n\n\n<p>Adem\u00e1s, los derechos humanos eran el centro de su propuesta.<\/p>\n\n\n\n<p>&#8220;Todas las poblaciones han sido consideradas, particularmente a las personas LGTBI en el eje de derechos humanos&#8221;, relat\u00f3.<\/p>\n","protected":false},"excerpt":{"rendered":"<p>Alejandra Menj\u00edvar, la primera candidata trans en la historia de El Salvador, reapareci\u00f3 este martes despu\u00e9s de haber sido reportada como desaparecida varias horas antes en M\u00e9xico. El cartel de b\u00fasqueda en el que figuraba una foto suya fue compartido recientemente por el Centro de Investigaci\u00f3n, Diversidad e Incidencia (CIDI), una organizaci\u00f3n sin \u00e1nimo de [&hellip;]<\/p>\n","protected":false},"author":80,"featured_media":169044,"comment_status":"closed","ping_status":"open","sticky":false,"template":"","format":"standard","meta":{"footnotes":""},"categories":[15,36,31],"tags":[],"class_list":["post-169043","post","type-post","status-publish","format-standard","has-post-thumbnail","hentry","category-destacadas","category-nacion","category-orbe"],"_links":{"self":[{"href":"https:\/\/plazajuarez.mx\/historico\/wp-json\/wp\/v2\/posts\/169043","targetHints":{"allow":["GET"]}}],"collection":[{"href":"https:\/\/plazajuarez.mx\/historico\/wp-json\/wp\/v2\/posts"}],"about":[{"href":"https:\/\/plazajuarez.mx\/historico\/wp-json\/wp\/v2\/types\/post"}],"author":[{"embeddable":true,"href":"https:\/\/plazajuarez.mx\/historico\/wp-json\/wp\/v2\/users\/80"}],"replies":[{"embeddable":true,"href":"https:\/\/plazajuarez.mx\/historico\/wp-json\/wp\/v2\/comments?post=169043"}],"version-history":[{"count":0,"href":"https:\/\/plazajuarez.mx\/historico\/wp-json\/wp\/v2\/posts\/169043\/revisions"}],"wp:featuredmedia":[{"embeddable":true,"href":"https:\/\/plazajuarez.mx\/historico\/wp-json\/wp\/v2\/media\/169044"}],"wp:attachment":[{"href":"https:\/\/plazajuarez.mx\/historico\/wp-json\/wp\/v2\/media?parent=169043"}],"wp:term":[{"taxonomy":"category","embeddable":true,"href":"https:\/\/plazajuarez.mx\/historico\/wp-json\/wp\/v2\/categories?post=169043"},{"taxonomy":"post_tag","embeddable":true,"href":"https:\/\/plazajuarez.mx\/historico\/wp-json\/wp\/v2\/tags?post=169043"}],"curies":[{"name":"wp","href":"https:\/\/api.w.org\/{rel}","templated":true}]}}