{"id":169033,"date":"2021-06-22T14:47:10","date_gmt":"2021-06-22T19:47:10","guid":{"rendered":"https:\/\/plazajuarez.mx\/?p=169033"},"modified":"2021-06-22T14:47:33","modified_gmt":"2021-06-22T19:47:33","slug":"mexico-advierte","status":"publish","type":"post","link":"https:\/\/plazajuarez.mx\/historico\/mexico-advierte\/","title":{"rendered":"M\u00e9xico advierte posible repunte de covid-19"},"content":{"rendered":"\n<p>El Gobierno de M\u00e9xico advierte sobre un posible &#8220;cambio de tendencia&#8221; en la pandemia por un repunte de casos de covid-19 despu\u00e9s de cuatro meses consecutivos a la baja.<\/p>\n\n\n\n<p>&#8220;Esto podr\u00eda representar un cambio en la tendencia de la epidemia o podr\u00eda no, como ha ocurrido a lo largo de la bajada, en donde encontramos esta suerte de zigzag o escalera&#8221;, reconoci\u00f3 Hugo L\u00f3pez-Gatell, encargado de gestionar la pandemia en M\u00e9xico.<\/p>\n\n\n\n<p>El pa\u00eds podr\u00eda registrar a finales de esta semana un incremento de hasta 15 % en el n\u00famero de casos estimados de covid-19, expuso L\u00f3pez-Gatell, subsecretario de Prevenci\u00f3n y Promoci\u00f3n de la Salud.<\/p>\n\n\n\n<p>M\u00e9xico es el cuarto pa\u00eds con m\u00e1s muertes por la pandemia, con m\u00e1s de 231.000 decesos y 2,47 millones de casos confirmados, pero tras los peores momentos de enero las hospitalizaciones han ca\u00eddo m\u00e1s de 80 %.<\/p>\n\n\n\n<p>Aun as\u00ed, el pa\u00eds ha registrado un repunte en las \u00faltimas semanas, en particular en estados tur\u00edsticos como Quintana Roo y Baja California Sur, donde los nuevos casos superan los registrados durante la &#8220;segunda ola&#8221; del invierno.<\/p>\n\n\n\n<p>Asimismo, Ciudad de M\u00e9xico volvi\u00f3 esta semana al color amarillo del sem\u00e1foro epid\u00e9mico, que indica nivel de riesgo medio, despu\u00e9s de dos semanas en verde por bajo peligro.<\/p>\n\n\n\n<p>&#8220;Por momentos hemos tenido algunos repuntes, pero la tendencia general se ha mantenido a la baja, hay que mantenerse expectantes, la recomendaci\u00f3n que hacemos siempre a todo el pueblo es seguir observando las medidas de precauci\u00f3n&#8221;, coment\u00f3 L\u00f3pez-Gatell.<\/p>\n\n\n\n<p><strong>AVANZA VACUNACI\u00d3N<\/strong><\/p>\n\n\n\n<p>Ante este panorama, el Gobierno de M\u00e9xico abri\u00f3 este martes el registro de personas de 30 a 39 a\u00f1os para recibir la vacuna de covid-19.<\/p>\n\n\n\n<p>&#8220;En unos d\u00edas habremos vacunado a uno de cada tres mexicanos mayores de 18 a\u00f1os, al menos con una dosis, pero ver\u00e1n ustedes que mayoritariamente son dos dosis&#8221;, asever\u00f3 Jorge Alcocer, secretario de Salud.<\/p>\n\n\n\n<p>El Gobierno mexicano super\u00f3 este domingo las 40 millones de dosis aplicadas y las 50 millones de dosis recibidas de diversos f\u00e1rmacos.<\/p>\n\n\n\n<p>De las 28,19 millones de personas que han recibido el f\u00e1rmaco, m\u00e1s de 17 millones han recibido el esquema completo, detall\u00f3 L\u00f3pez-Gatell.<\/p>\n\n\n\n<p>Entre los 32 estados del pa\u00eds, el fronterizo Baja California lidera la cobertura de vacunaci\u00f3n en M\u00e9xico, con 57 % de la poblaci\u00f3n adulta ha recibido al menos una dosis despu\u00e9s de la aplicaci\u00f3n de m\u00e1s de 720.000 vacunas de Janssen donadas por Estados Unidos en los \u00faltimos d\u00edas.<\/p>\n\n\n\n<p>Le siguen Ciudad de M\u00e9xico con 49 % y el estado de Zacatecas con 40 %, en el centro-norte del pa\u00eds.<\/p>\n\n\n\n<p>El subsecretario ha negado acusaciones de una disminuci\u00f3n en el ritmo de vacunaci\u00f3n tras las elecciones intermedias del 6 de junio.<\/p>\n\n\n\n<p>&#8220;Lo que llega cada semana se est\u00e1 terminando de poner a la semana siguiente, todo lo que llega se distribuye y se pone, no hay rezago alguno&#8221;, sostuvo.<\/p>\n","protected":false},"excerpt":{"rendered":"<p>El Gobierno de M\u00e9xico advierte sobre un posible &#8220;cambio de tendencia&#8221; en la pandemia por un repunte de casos de covid-19 despu\u00e9s de cuatro meses consecutivos a la baja. &#8220;Esto podr\u00eda representar un cambio en la tendencia de la epidemia o podr\u00eda no, como ha ocurrido a lo largo de la bajada, en donde encontramos [&hellip;]<\/p>\n","protected":false},"author":80,"featured_media":169034,"comment_status":"closed","ping_status":"open","sticky":false,"template":"","format":"standard","meta":{"footnotes":""},"categories":[15,36],"tags":[],"class_list":["post-169033","post","type-post","status-publish","format-standard","has-post-thumbnail","hentry","category-destacadas","category-nacion"],"_links":{"self":[{"href":"https:\/\/plazajuarez.mx\/historico\/wp-json\/wp\/v2\/posts\/169033","targetHints":{"allow":["GET"]}}],"collection":[{"href":"https:\/\/plazajuarez.mx\/historico\/wp-json\/wp\/v2\/posts"}],"about":[{"href":"https:\/\/plazajuarez.mx\/historico\/wp-json\/wp\/v2\/types\/post"}],"author":[{"embeddable":true,"href":"https:\/\/plazajuarez.mx\/historico\/wp-json\/wp\/v2\/users\/80"}],"replies":[{"embeddable":true,"href":"https:\/\/plazajuarez.mx\/historico\/wp-json\/wp\/v2\/comments?post=169033"}],"version-history":[{"count":0,"href":"https:\/\/plazajuarez.mx\/historico\/wp-json\/wp\/v2\/posts\/169033\/revisions"}],"wp:featuredmedia":[{"embeddable":true,"href":"https:\/\/plazajuarez.mx\/historico\/wp-json\/wp\/v2\/media\/169034"}],"wp:attachment":[{"href":"https:\/\/plazajuarez.mx\/historico\/wp-json\/wp\/v2\/media?parent=169033"}],"wp:term":[{"taxonomy":"category","embeddable":true,"href":"https:\/\/plazajuarez.mx\/historico\/wp-json\/wp\/v2\/categories?post=169033"},{"taxonomy":"post_tag","embeddable":true,"href":"https:\/\/plazajuarez.mx\/historico\/wp-json\/wp\/v2\/tags?post=169033"}],"curies":[{"name":"wp","href":"https:\/\/api.w.org\/{rel}","templated":true}]}}