{"id":169030,"date":"2021-06-22T14:25:25","date_gmt":"2021-06-22T19:25:25","guid":{"rendered":"https:\/\/plazajuarez.mx\/?p=169030"},"modified":"2021-06-22T14:36:16","modified_gmt":"2021-06-22T19:36:16","slug":"cipriano-charrez-grave-salud","status":"publish","type":"post","link":"https:\/\/plazajuarez.mx\/historico\/cipriano-charrez-grave-salud\/","title":{"rendered":"Cipriano Charrez grave, piden su traslado a un hospital"},"content":{"rendered":"\n<p>Ixmiquilpan. El exdiputado federal, Cipriano Charrez, se encuentra delicado de salud, con da\u00f1os en algunos \u00f3rganos internos y las pr\u00f3ximas horas ser\u00e1n cruciales, se est\u00e1 solicitando su trasladado a una cl\u00ednica, de lo contrario su vida est\u00e1 en riesgo.<\/p>\n\n\n\n<p>El lunes, recibi\u00f3 atenci\u00f3n m\u00e9dica, se le hizo una valoraci\u00f3n y estudios y se recomend\u00f3 trasladarlo lo antes posible a una cl\u00ednica. Esta petici\u00f3n ya se hizo, pero la juez no ha otorgado el permiso, en las pr\u00f3ximas horas se insistir\u00e1.<\/p>\n\n\n\n<p>De acuerdo a cercanos al exalcalde ixmiquilpense, su vida est\u00e1 en riesgo debido a los m\u00e1s de 50 d\u00edas que lleva en huelga de hambre, su cuerpo est\u00e1 cediendo y sus fuerzas tambi\u00e9n, sin embargo mantiene su postura hasta conseguir que su caso sea revisado.<\/p>\n\n\n\n<p>Debido a las condiciones de salud y por su mismo proceso, se ha pedido que la medida cautelar cambie y en lo inmediato sea enviado a un hospital, de lo contrario los da\u00f1os podr\u00edan ser mayores en las siguientes horas.<\/p>\n","protected":false},"excerpt":{"rendered":"<p>Ixmiquilpan. El exdiputado federal, Cipriano Charrez, se encuentra delicado de salud, con da\u00f1os en algunos \u00f3rganos internos y las pr\u00f3ximas horas ser\u00e1n cruciales, se est\u00e1 solicitando su trasladado a una cl\u00ednica, de lo contrario su vida est\u00e1 en riesgo. El lunes, recibi\u00f3 atenci\u00f3n m\u00e9dica, se le hizo una valoraci\u00f3n y estudios y se recomend\u00f3 trasladarlo [&hellip;]<\/p>\n","protected":false},"author":75,"featured_media":145853,"comment_status":"closed","ping_status":"open","sticky":false,"template":"","format":"standard","meta":{"footnotes":""},"categories":[15,40],"tags":[],"class_list":["post-169030","post","type-post","status-publish","format-standard","has-post-thumbnail","hentry","category-destacadas","category-region"],"_links":{"self":[{"href":"https:\/\/plazajuarez.mx\/historico\/wp-json\/wp\/v2\/posts\/169030","targetHints":{"allow":["GET"]}}],"collection":[{"href":"https:\/\/plazajuarez.mx\/historico\/wp-json\/wp\/v2\/posts"}],"about":[{"href":"https:\/\/plazajuarez.mx\/historico\/wp-json\/wp\/v2\/types\/post"}],"author":[{"embeddable":true,"href":"https:\/\/plazajuarez.mx\/historico\/wp-json\/wp\/v2\/users\/75"}],"replies":[{"embeddable":true,"href":"https:\/\/plazajuarez.mx\/historico\/wp-json\/wp\/v2\/comments?post=169030"}],"version-history":[{"count":0,"href":"https:\/\/plazajuarez.mx\/historico\/wp-json\/wp\/v2\/posts\/169030\/revisions"}],"wp:featuredmedia":[{"embeddable":true,"href":"https:\/\/plazajuarez.mx\/historico\/wp-json\/wp\/v2\/media\/145853"}],"wp:attachment":[{"href":"https:\/\/plazajuarez.mx\/historico\/wp-json\/wp\/v2\/media?parent=169030"}],"wp:term":[{"taxonomy":"category","embeddable":true,"href":"https:\/\/plazajuarez.mx\/historico\/wp-json\/wp\/v2\/categories?post=169030"},{"taxonomy":"post_tag","embeddable":true,"href":"https:\/\/plazajuarez.mx\/historico\/wp-json\/wp\/v2\/tags?post=169030"}],"curies":[{"name":"wp","href":"https:\/\/api.w.org\/{rel}","templated":true}]}}