{"id":16903,"date":"2016-02-08T14:16:44","date_gmt":"2016-02-08T14:16:44","guid":{"rendered":"http:\/\/plazajuarez.mx\/index\/index.php\/2016\/02\/08\/auto-de-formal-prision-contra-ex-vocero-de-padres\/"},"modified":"2016-02-08T14:16:44","modified_gmt":"2016-02-08T14:16:44","slug":"auto-de-formal-prision-contra-ex-vocero-de-padres","status":"publish","type":"post","link":"https:\/\/plazajuarez.mx\/historico\/auto-de-formal-prision-contra-ex-vocero-de-padres\/","title":{"rendered":"AUTO DE FORMAL PRISI\u00d3N CONTRA EX VOCERO DE PADR\u00c9S"},"content":{"rendered":"<p>POR EXTORSI\u00d3N\u00a0\u00a0<\/p>\n<p>  <!--more-->  <\/p>\n<p>HERMOSILLO, Son.- El Juez Tercero de lo Penal, Manuel Octavio Palafox Oca\u00f1a, dict\u00f3 auto de formal prisi\u00f3n por el delito de extorsi\u00f3n en contra del ex Secretario de Comunicaci\u00f3n Social, Jorge Morales Borb\u00f3n, acusado por proveedores de medios informativos del gobierno del estado. <br \/>A las 13.00 horas de este domingo, el ex funcionario, responsable de la atenci\u00f3n a medios de comunicaci\u00f3n del sexenio de Guillermo Padr\u00e9s 2009-2015, qued\u00f3 formalmente preso, por lo que inicia el periodo probatorio o de instrucci\u00f3n antes de que se dicte la sentencia definitiva. <br \/>S\u00f3lo uno de los siete careos solicitados por el inculpado, se llev\u00f3 a cabo, precis\u00f3 el juez. <br \/>El pasado lunes 01 de febrero, la Procuradur\u00eda Especializada para la Investigaci\u00f3n de Hechos de Corrupci\u00f3n inform\u00f3 que Jorge Morales Borb\u00f3n fue detenido ese d\u00eda por el delito de extorsi\u00f3n en contra proveedores de los medios de comunicaci\u00f3n de la pasada administraci\u00f3n. <\/p>\n","protected":false},"excerpt":{"rendered":"<p>POR EXTORSI\u00d3N\u00a0\u00a0<\/p>\n","protected":false},"author":93,"featured_media":0,"comment_status":"open","ping_status":"open","sticky":false,"template":"","format":"standard","meta":{"footnotes":""},"categories":[36],"tags":[],"class_list":["post-16903","post","type-post","status-publish","format-standard","hentry","category-nacion"],"_links":{"self":[{"href":"https:\/\/plazajuarez.mx\/historico\/wp-json\/wp\/v2\/posts\/16903","targetHints":{"allow":["GET"]}}],"collection":[{"href":"https:\/\/plazajuarez.mx\/historico\/wp-json\/wp\/v2\/posts"}],"about":[{"href":"https:\/\/plazajuarez.mx\/historico\/wp-json\/wp\/v2\/types\/post"}],"author":[{"embeddable":true,"href":"https:\/\/plazajuarez.mx\/historico\/wp-json\/wp\/v2\/users\/93"}],"replies":[{"embeddable":true,"href":"https:\/\/plazajuarez.mx\/historico\/wp-json\/wp\/v2\/comments?post=16903"}],"version-history":[{"count":0,"href":"https:\/\/plazajuarez.mx\/historico\/wp-json\/wp\/v2\/posts\/16903\/revisions"}],"wp:attachment":[{"href":"https:\/\/plazajuarez.mx\/historico\/wp-json\/wp\/v2\/media?parent=16903"}],"wp:term":[{"taxonomy":"category","embeddable":true,"href":"https:\/\/plazajuarez.mx\/historico\/wp-json\/wp\/v2\/categories?post=16903"},{"taxonomy":"post_tag","embeddable":true,"href":"https:\/\/plazajuarez.mx\/historico\/wp-json\/wp\/v2\/tags?post=16903"}],"curies":[{"name":"wp","href":"https:\/\/api.w.org\/{rel}","templated":true}]}}