{"id":169022,"date":"2021-06-22T13:10:56","date_gmt":"2021-06-22T18:10:56","guid":{"rendered":"https:\/\/plazajuarez.mx\/?p=169022"},"modified":"2021-06-22T13:11:09","modified_gmt":"2021-06-22T18:11:09","slug":"cuando-y-como-se-hara-la-consulta-sobre-expresidentes-de-mexico","status":"publish","type":"post","link":"https:\/\/plazajuarez.mx\/historico\/cuando-y-como-se-hara-la-consulta-sobre-expresidentes-de-mexico\/","title":{"rendered":"\u00bfCu\u00e1ndo y c\u00f3mo se har\u00e1 la consulta sobre expresidentes de M\u00e9xico?"},"content":{"rendered":"\n<p>Es cuesti\u00f3n de semanas para que los mexicanos acudan a las urnas de nuevo. En esta ocasi\u00f3n se votar\u00e1 en una consulta popular para determinar si se debe tomar acci\u00f3n legal contra los expresidentes Carlos Salinas, Ernesto Zedillo, Vicente Fox, Felipe Calder\u00f3n y Enrique Pe\u00f1a Nieto. Esta es la primera vez que el INE organizar\u00e1 una consulta popular.<br><br><strong>\u00bfCu\u00e1les son los pasos para organizar la consulta?<\/strong><br><strong><br><\/strong>En el mes de abril, el INE estableci\u00f3 que estos ser\u00edan los pasos a seguir para la realizaci\u00f3n de la consulta popular.<br>1. Organizaci\u00f3n<br>2. Difusi\u00f3n<br>3. Desarrollo de la jornada<br>4. C\u00f3mputo y declaraci\u00f3n de resultados<br><br><strong>\u00bfCu\u00e1ndo es la consulta popular sobre los expresidentes?<\/strong><br><strong><br><\/strong>De acuerdo con el INE, la consulta popular contra los expresidentes se llevar\u00e1 a cabo el domingo 1 de agosto de 2021. Cabe mencionar que debido a la pandemia de covid-19, las autoridades electorales determinaron que las credenciales para votar que vencieron en 2019 y 2020 ser\u00e1n v\u00e1lidas para participar en la consulta.<br><br><strong>\u00bfC\u00f3mo se llevar\u00e1 a cabo la consulta popular?<\/strong><br><strong><br><\/strong>La consulta popular con relaci\u00f3n al juicio contra los expresidentes consistir\u00e1 un una pregunta: &#8220;\u00bfEst\u00e1s de acuerdo o no en que se lleven a cabo las acciones pertinentes, con apego al marco constitucional y legal, para emprender un proceso de esclarecimiento de las decisiones pol\u00edticas tomadas en los a\u00f1os pasados por los actores pol\u00edticos encaminado a garantizar la justicia y los derechos de las posibles v\u00edctimas?&#8221;.<br><br><strong>Se aprueba la papeleta para la consulta popular<br><\/strong><br>El 2 de junio, el INE anunci\u00f3 que aprob\u00f3 la papeleta y plantilla Braille para la consulta popular que se llevar\u00e1 a cabo el 1.\u00ba de agosto.<br><br>El comunicado de prensa se\u00f1ala que a pesar de que la autoridad electoral no recibi\u00f3 recursos adicionales para organizar dicha consulta, el INE ajustar\u00e1 &#8220;el modelo a par\u00e1metros m\u00ednimos necesarios que, por un lado, permitan la garant\u00eda de los derechos de la ciudadan\u00eda y su involucramiento en estos mecanismos de participaci\u00f3n ciudadana, y por otro lado, desahogar los trabajos con las econom\u00edas con las que cuente el Instituto&#8221;.<br><br><strong>El INE se\u00f1ala la falta de recursos para la consulta<br><\/strong><br>Aunque el INE solicit\u00f3 la ampliaci\u00f3n de su presupuesto en varias ocasiones, la Secretar\u00eda de Hacienda se neg\u00f3 a aumentar el presupuesto y recomend\u00f3 &#8220;utilizar los recursos con que se cuenta para este a\u00f1o&#8221;.<br>Durante una sesi\u00f3n del INE, el Consejero Ciro Murayana se\u00f1al\u00f3 que &#8220;estamos ante una novedad, que es la primera vez que se echa a andar una consulta popular, pero tambi\u00e9n estamos frente a una excentricidad en donde no se otorgan recursos para un ejercicio en donde se va a convocar a casi 94 millones de electores&#8221;.<br><br>El INE calcul\u00f3 que la consulta popular costar\u00eda alrededor de $1,499 millones de pesos, pero debido a los recortes presupuestales, anunci\u00f3 que se utilizar\u00e1n urnas electr\u00f3nicas, se reducir\u00e1 el n\u00famero de casillas y cada Mesa Receptora de la Consulta Popular podr\u00e1 recibir hasta 1,500 opiniones.<br><br><strong>\u00bfQu\u00e9 es una Consulta Popular?<br><\/strong><br>El INE comparti\u00f3 un video en el que explica en que consiste una consulta popular y por qu\u00e9 es tan importante para una democracia.<\/p>\n\n\n\n<iframe loading=\"lazy\" src=\"https:\/\/www.facebook.com\/plugins\/video.php?height=476&#038;href=https%3A%2F%2Fwww.facebook.com%2FINEMexico%2Fvideos%2F2884114718520457%2F&#038;show_text=false&#038;width=476&#038;t=0\" width=\"476\" height=\"476\" style=\"border:none;overflow:hidden\" scrolling=\"no\" frameborder=\"0\" allowfullscreen=\"true\" allow=\"autoplay; clipboard-write; encrypted-media; picture-in-picture; web-share\" allowFullScreen=\"true\"><\/iframe>\n","protected":false},"excerpt":{"rendered":"<p>Es cuesti\u00f3n de semanas para que los mexicanos acudan a las urnas de nuevo. En esta ocasi\u00f3n se votar\u00e1 en una consulta popular para determinar si se debe tomar acci\u00f3n legal contra los expresidentes Carlos Salinas, Ernesto Zedillo, Vicente Fox, Felipe Calder\u00f3n y Enrique Pe\u00f1a Nieto. Esta es la primera vez que el INE organizar\u00e1 [&hellip;]<\/p>\n","protected":false},"author":81,"featured_media":169023,"comment_status":"closed","ping_status":"open","sticky":false,"template":"","format":"standard","meta":{"footnotes":""},"categories":[15,36],"tags":[],"class_list":["post-169022","post","type-post","status-publish","format-standard","has-post-thumbnail","hentry","category-destacadas","category-nacion"],"_links":{"self":[{"href":"https:\/\/plazajuarez.mx\/historico\/wp-json\/wp\/v2\/posts\/169022","targetHints":{"allow":["GET"]}}],"collection":[{"href":"https:\/\/plazajuarez.mx\/historico\/wp-json\/wp\/v2\/posts"}],"about":[{"href":"https:\/\/plazajuarez.mx\/historico\/wp-json\/wp\/v2\/types\/post"}],"author":[{"embeddable":true,"href":"https:\/\/plazajuarez.mx\/historico\/wp-json\/wp\/v2\/users\/81"}],"replies":[{"embeddable":true,"href":"https:\/\/plazajuarez.mx\/historico\/wp-json\/wp\/v2\/comments?post=169022"}],"version-history":[{"count":0,"href":"https:\/\/plazajuarez.mx\/historico\/wp-json\/wp\/v2\/posts\/169022\/revisions"}],"wp:featuredmedia":[{"embeddable":true,"href":"https:\/\/plazajuarez.mx\/historico\/wp-json\/wp\/v2\/media\/169023"}],"wp:attachment":[{"href":"https:\/\/plazajuarez.mx\/historico\/wp-json\/wp\/v2\/media?parent=169022"}],"wp:term":[{"taxonomy":"category","embeddable":true,"href":"https:\/\/plazajuarez.mx\/historico\/wp-json\/wp\/v2\/categories?post=169022"},{"taxonomy":"post_tag","embeddable":true,"href":"https:\/\/plazajuarez.mx\/historico\/wp-json\/wp\/v2\/tags?post=169022"}],"curies":[{"name":"wp","href":"https:\/\/api.w.org\/{rel}","templated":true}]}}