{"id":16902,"date":"2016-02-08T14:16:32","date_gmt":"2016-02-08T14:16:32","guid":{"rendered":"http:\/\/plazajuarez.mx\/index\/index.php\/2016\/02\/08\/pan-en-senado-pide-a-sep-no-suspender-la-prueba-planea\/"},"modified":"2016-02-08T14:16:32","modified_gmt":"2016-02-08T14:16:32","slug":"pan-en-senado-pide-a-sep-no-suspender-la-prueba-planea","status":"publish","type":"post","link":"https:\/\/plazajuarez.mx\/historico\/pan-en-senado-pide-a-sep-no-suspender-la-prueba-planea\/","title":{"rendered":"PAN en Senado pide a SEP no suspender la prueba Planea"},"content":{"rendered":"<p>SE DEBE APLICAR SEG\u00daN EL CALENDARIO\u00a0\u00a0 <br \/>asegur\u00f3 que debe ser una verdadera evaluaci\u00f3n de los alumnos de sexto grado de primaria y de tercero de secundaria, que permita conocer con exactitud la calidad de la ense\u00f1anza en M\u00e9xico<\/p>\n<p>  <!--more-->  <\/p>\n<p>CIUDAD DE M\u00c9XICO.- El coordinador del PAN en San L\u00e1zaro, Marko Cort\u00e9s, afirm\u00f3 que la SEP no debe suspender la prueba Planea 2016 y se debe aplicar seg\u00fan el calendario que hab\u00eda anunciado el Instituto Nacional para la Evaluaci\u00f3n de la Educaci\u00f3n (INEE). <br \/>El legislador de Acci\u00f3n Nacional asegur\u00f3 que debe ser una verdadera evaluaci\u00f3n de los alumnos de sexto grado de primaria y de tercero de secundaria, que permita conocer con exactitud la calidad de la ense\u00f1anza en M\u00e9xico. <br \/>\u201cDe nada sirve aplicar pruebas sin rigor, porque as\u00ed no se mejora la educaci\u00f3n\u201d, se\u00f1al\u00f3 al cuestionar la decisi\u00f3n de la SEP, para que este a\u00f1o la prueba sea aplicada por maestros en las aulas y como informaci\u00f3n interna, en una especie de autoevaluaci\u00f3n. <br \/>Exigi\u00f3 a la SEP respetar las decisiones del INEE acerca de los procesos de evaluaci\u00f3n, y se\u00f1al\u00f3 que apoyar\u00e1 a la Junta de Gobierno de este Instituto, para que ejerza su autonom\u00eda en esta materia, de acuerdo con las atribuciones que le confiere la Ley. <br \/>\u201cLo que M\u00e9xico necesita es un titular de la SEP que piense en mejorar la educaci\u00f3n y no a uno que \u00fanicamente piense en mejorar su imagen. Las pruebas deben realizarse peri\u00f3dicamente para cumplir con el fin primordial de conocer el estado que guarda la calidad educativa y, con ello, establecer estrategias y acciones permanentes de mejora\u201d, se\u00f1al\u00f3. <br \/>Cort\u00e9s Mendoza expuso que la SEP debe transparentar los verdaderos motivos por los que este a\u00f1o pretende que las pruebas sean aplicadas por los maestros y no por el INEE: \u201csi es por el costo econ\u00f3mico de su aplicaci\u00f3n o porque el gobierno pretende esconder sus malos resultados\u201d. \u00a0\u00a0 \u00a0<\/p>\n","protected":false},"excerpt":{"rendered":"<p>SE DEBE APLICAR SEG\u00daN EL CALENDARIO\u00a0\u00a0 asegur\u00f3 que debe ser una verdadera evaluaci\u00f3n de los alumnos de sexto grado de primaria y de tercero de secundaria, que permita conocer con exactitud la calidad de la ense\u00f1anza en M\u00e9xico<\/p>\n","protected":false},"author":93,"featured_media":0,"comment_status":"open","ping_status":"open","sticky":false,"template":"","format":"standard","meta":{"footnotes":""},"categories":[36],"tags":[],"class_list":["post-16902","post","type-post","status-publish","format-standard","hentry","category-nacion"],"_links":{"self":[{"href":"https:\/\/plazajuarez.mx\/historico\/wp-json\/wp\/v2\/posts\/16902","targetHints":{"allow":["GET"]}}],"collection":[{"href":"https:\/\/plazajuarez.mx\/historico\/wp-json\/wp\/v2\/posts"}],"about":[{"href":"https:\/\/plazajuarez.mx\/historico\/wp-json\/wp\/v2\/types\/post"}],"author":[{"embeddable":true,"href":"https:\/\/plazajuarez.mx\/historico\/wp-json\/wp\/v2\/users\/93"}],"replies":[{"embeddable":true,"href":"https:\/\/plazajuarez.mx\/historico\/wp-json\/wp\/v2\/comments?post=16902"}],"version-history":[{"count":0,"href":"https:\/\/plazajuarez.mx\/historico\/wp-json\/wp\/v2\/posts\/16902\/revisions"}],"wp:attachment":[{"href":"https:\/\/plazajuarez.mx\/historico\/wp-json\/wp\/v2\/media?parent=16902"}],"wp:term":[{"taxonomy":"category","embeddable":true,"href":"https:\/\/plazajuarez.mx\/historico\/wp-json\/wp\/v2\/categories?post=16902"},{"taxonomy":"post_tag","embeddable":true,"href":"https:\/\/plazajuarez.mx\/historico\/wp-json\/wp\/v2\/tags?post=16902"}],"curies":[{"name":"wp","href":"https:\/\/api.w.org\/{rel}","templated":true}]}}