{"id":169013,"date":"2021-06-22T10:59:11","date_gmt":"2021-06-22T15:59:11","guid":{"rendered":"https:\/\/plazajuarez.mx\/?p=169013"},"modified":"2021-06-22T10:59:31","modified_gmt":"2021-06-22T15:59:31","slug":"genera-fuerte-movilizacion-policiaca-detencion-de-un-sujeto-en-acatlan","status":"publish","type":"post","link":"https:\/\/plazajuarez.mx\/historico\/genera-fuerte-movilizacion-policiaca-detencion-de-un-sujeto-en-acatlan\/","title":{"rendered":"Genera fuerte movilizaci\u00f3n policiaca detenci\u00f3n de un sujeto en Acatl\u00e1n"},"content":{"rendered":"\n<p>Acatl\u00e1n, Hgo.- La detenci\u00f3n de un sujeto apodado el \u201cPoca Madre\u201d, la tarde del pasado lunes 21 de junio, gener\u00f3 una fuerte movilizaci\u00f3n policiaca en el municipio de Acatl\u00e1n, ya que el hombre en cuesti\u00f3n, realiz\u00f3 algunos disparos con arma de fuego a los elementos policiacos antes de su detenci\u00f3n, hiriendo levemente a uno de ellos en la espalda, al ser alcanzado por una esquirla.<\/p>\n\n\n\n<p>De acuerdo con informaci\u00f3n de la direcci\u00f3n de Seguridad P\u00fablica, previo a la detenci\u00f3n se acudi\u00f3 a atender un reporte, a la altura del crucero conocido como \u201cl Cuatro, sobre un veh\u00edculo Bora, color blanco, con cuatro individuos al interior.<\/p>\n\n\n\n<p>Al arribar, la unidad identific\u00f3 a F. V. G., quien despu\u00e9s es visto en una motocicleta d\u00e1ndose a la fuga; por lo que se inici\u00f3 una persecuci\u00f3n hasta unas tierras de cultivo, donde intent\u00f3 ocultarse.<\/p>\n\n\n\n<p>Ante ello, la unidad policiaca se traslad\u00f3 al domicilio del sujeto, para hacer algunos recorridos en las inmediaciones del mismo, ubicado en la colonia Ernesto Zedillo; donde fueron agredidos con disparos de escopeta.<\/p>\n\n\n\n<p>Por lo anterior, se realiza un operativo con apoyo de Polic\u00eda Estatal, Polic\u00eda Municipal de Tulancingo, as\u00ed como de los municipios de Santiago Tulantepec y Metepec; logrando la detenci\u00f3n del sujeto de referencia.<\/p>\n\n\n\n<p>La corporaci\u00f3n inform\u00f3 que el polic\u00eda lesionado, D. M. G., est\u00e1 fuera de peligro ya que la lesi\u00f3n fue muy leve, al recibir una munici\u00f3n de escopeta en la espalda.<\/p>\n","protected":false},"excerpt":{"rendered":"<p>Acatl\u00e1n, Hgo.- La detenci\u00f3n de un sujeto apodado el \u201cPoca Madre\u201d, la tarde del pasado lunes 21 de junio, gener\u00f3 una fuerte movilizaci\u00f3n policiaca en el municipio de Acatl\u00e1n, ya que el hombre en cuesti\u00f3n, realiz\u00f3 algunos disparos con arma de fuego a los elementos policiacos antes de su detenci\u00f3n, hiriendo levemente a uno de [&hellip;]<\/p>\n","protected":false},"author":93,"featured_media":169014,"comment_status":"closed","ping_status":"open","sticky":false,"template":"","format":"standard","meta":{"footnotes":""},"categories":[15,40],"tags":[],"class_list":["post-169013","post","type-post","status-publish","format-standard","has-post-thumbnail","hentry","category-destacadas","category-region"],"_links":{"self":[{"href":"https:\/\/plazajuarez.mx\/historico\/wp-json\/wp\/v2\/posts\/169013","targetHints":{"allow":["GET"]}}],"collection":[{"href":"https:\/\/plazajuarez.mx\/historico\/wp-json\/wp\/v2\/posts"}],"about":[{"href":"https:\/\/plazajuarez.mx\/historico\/wp-json\/wp\/v2\/types\/post"}],"author":[{"embeddable":true,"href":"https:\/\/plazajuarez.mx\/historico\/wp-json\/wp\/v2\/users\/93"}],"replies":[{"embeddable":true,"href":"https:\/\/plazajuarez.mx\/historico\/wp-json\/wp\/v2\/comments?post=169013"}],"version-history":[{"count":0,"href":"https:\/\/plazajuarez.mx\/historico\/wp-json\/wp\/v2\/posts\/169013\/revisions"}],"wp:featuredmedia":[{"embeddable":true,"href":"https:\/\/plazajuarez.mx\/historico\/wp-json\/wp\/v2\/media\/169014"}],"wp:attachment":[{"href":"https:\/\/plazajuarez.mx\/historico\/wp-json\/wp\/v2\/media?parent=169013"}],"wp:term":[{"taxonomy":"category","embeddable":true,"href":"https:\/\/plazajuarez.mx\/historico\/wp-json\/wp\/v2\/categories?post=169013"},{"taxonomy":"post_tag","embeddable":true,"href":"https:\/\/plazajuarez.mx\/historico\/wp-json\/wp\/v2\/tags?post=169013"}],"curies":[{"name":"wp","href":"https:\/\/api.w.org\/{rel}","templated":true}]}}