{"id":16901,"date":"2016-02-08T14:16:22","date_gmt":"2016-02-08T14:16:22","guid":{"rendered":"http:\/\/plazajuarez.mx\/index\/index.php\/2016\/02\/08\/se-incorpora-robo-a-catalogo-de-juicios-orales-no-esperaran-a-junio\/"},"modified":"2016-02-08T14:16:22","modified_gmt":"2016-02-08T14:16:22","slug":"se-incorpora-robo-a-catalogo-de-juicios-orales-no-esperaran-a-junio","status":"publish","type":"post","link":"https:\/\/plazajuarez.mx\/historico\/se-incorpora-robo-a-catalogo-de-juicios-orales-no-esperaran-a-junio\/","title":{"rendered":"SE INCORPORA ROBO A CAT\u00c1LOGO DE JUICIOS ORALES; NO ESPERAR\u00c1N A JUNIO"},"content":{"rendered":"<p>TRIBUNAL SUPERIOR DE JUSTICIA DE LA CIUDAD DE M\u00c9XICO<br \/>Para llevar a cabo este cambio, el Tribunal requerir\u00e1 100 nuevos jueces para atender los juicios de robo, delito que equivale a 70% del total que se registran en la Ciudad<\/p>\n<p>  <!--more-->  <\/p>\n<p>CIUDAD DE M\u00c9XICO.- Debido a que el robo en todas sus modalidades es el delito m\u00e1s cometido en la ciudad, el Tribunal Superior de Justicia de la Ciudad de M\u00e9xico (TSJ) no esperar\u00e1 hasta junio para incorporarlo en el cat\u00e1logo de delitos que actualmente se resuelven mediante el nuevo Sistema Penal Acusatorio, por lo que anuncian, que a partir del mes de abril ya entrar\u00e1n en los juicios orales. <br \/>As\u00ed lo explic\u00f3 el magistrado presidente Edgar El\u00edas Azar, quien refiri\u00f3 que en un m\u00e1ximo de dos meses m\u00e1s todos los juicios relacionados con las distintas modalidades del robo, como es el de veh\u00edculo, a negocio, a transe\u00fante, a transporte p\u00fablico, y a casa habitaci\u00f3n, incluyendo las agravantes o los violentos, ser\u00e1n orales. <br \/>El\u00edas Azar destac\u00f3 que con esta ampliaci\u00f3n al cat\u00e1logo de delitos del nuevo sistema penal acusatorio se tendr\u00e1 implementada m\u00e1s de tres cuartas partes de la reforma penal, la cual deber\u00e1 estar operando en su totalidad para el pr\u00f3ximo junio, \u201cse va a ampliar el cat\u00e1logo de delitos, van a entrar todos los robos en todas sus modalidades, lo que equivale a que propiamente estemos con 80% de la reforma penal implementada\u201d, dijo el presidente del Poder Judicial local. <br \/>Mencion\u00f3 tambi\u00e9n que integrar el delito de robo a los juicios orales servir\u00e1 para identificar los problemas que puedan surgir con el cambio, y al mismo tiempo depurarlos para que funcionen de manera efectiva a la brevedad, buscando con estos evitar los problemas que se pudieran presentar cuando los juicios orales sean obligatorios en todo el pa\u00eds, \u201c\u00bfVamos a enfrentar problemas todos los operadores del sistema? Los vamos a enfrentar pero estamos todos seguros que podremos superarlos porque ya tenemos buena capacitaci\u00f3n, porque ya hemos caminado con buena experiencia\u201d. <br \/>\u201cHay que entrarle y no esperar, como dice el jefe de gobierno, a que llegue junio y que nos agarre desprevenidos o que se empiecen a se\u00f1alar cu\u00e1les son las debilidades de los operadores\u201d, coment\u00f3 El\u00edas Azar. <\/p>\n<p>SEG\u00daN LAS ESTAD\u00cdSTICAS DEL PODER JUDICIAL LOCAL, EL ROBO FUE EL DELITO M\u00c1S COMETIDO DURANTE EL A\u00d1O PASADO Y EL QUE M\u00c1S TIEMPO Y TRABAJO LES TOM\u00d3 A LOS JUECES RESOLVER<\/p>\n","protected":false},"excerpt":{"rendered":"<p>TRIBUNAL SUPERIOR DE JUSTICIA DE LA CIUDAD DE M\u00c9XICOPara llevar a cabo este cambio, el Tribunal requerir\u00e1 100 nuevos jueces para atender los juicios de robo, delito que equivale a 70% del total que se registran en la Ciudad<\/p>\n","protected":false},"author":93,"featured_media":0,"comment_status":"open","ping_status":"open","sticky":false,"template":"","format":"standard","meta":{"footnotes":""},"categories":[36],"tags":[],"class_list":["post-16901","post","type-post","status-publish","format-standard","hentry","category-nacion"],"_links":{"self":[{"href":"https:\/\/plazajuarez.mx\/historico\/wp-json\/wp\/v2\/posts\/16901","targetHints":{"allow":["GET"]}}],"collection":[{"href":"https:\/\/plazajuarez.mx\/historico\/wp-json\/wp\/v2\/posts"}],"about":[{"href":"https:\/\/plazajuarez.mx\/historico\/wp-json\/wp\/v2\/types\/post"}],"author":[{"embeddable":true,"href":"https:\/\/plazajuarez.mx\/historico\/wp-json\/wp\/v2\/users\/93"}],"replies":[{"embeddable":true,"href":"https:\/\/plazajuarez.mx\/historico\/wp-json\/wp\/v2\/comments?post=16901"}],"version-history":[{"count":0,"href":"https:\/\/plazajuarez.mx\/historico\/wp-json\/wp\/v2\/posts\/16901\/revisions"}],"wp:attachment":[{"href":"https:\/\/plazajuarez.mx\/historico\/wp-json\/wp\/v2\/media?parent=16901"}],"wp:term":[{"taxonomy":"category","embeddable":true,"href":"https:\/\/plazajuarez.mx\/historico\/wp-json\/wp\/v2\/categories?post=16901"},{"taxonomy":"post_tag","embeddable":true,"href":"https:\/\/plazajuarez.mx\/historico\/wp-json\/wp\/v2\/tags?post=16901"}],"curies":[{"name":"wp","href":"https:\/\/api.w.org\/{rel}","templated":true}]}}