{"id":169002,"date":"2021-06-22T10:13:11","date_gmt":"2021-06-22T15:13:11","guid":{"rendered":"https:\/\/plazajuarez.mx\/?p=169002"},"modified":"2021-06-22T10:13:32","modified_gmt":"2021-06-22T15:13:32","slug":"amlo-reconoce-incremento-en-cifra-de-feminicidios","status":"publish","type":"post","link":"https:\/\/plazajuarez.mx\/historico\/amlo-reconoce-incremento-en-cifra-de-feminicidios\/","title":{"rendered":"AMLO reconoce incremento en cifra de feminicidios"},"content":{"rendered":"\n<p>El presidente Andr\u00e9s Manuel L\u00f3pez Obrador reconoci\u00f3 este martes que hay un incremento en el n\u00famero de feminicidios y de violencia familiar, pero asegur\u00f3 que su gobierno se est\u00e1 ocupando en reducir estas estad\u00edsticas.<br><br>&#8220;Ha habido un incremento lamentablemente en feminicidios, en violencia familiar, estamos ocup\u00e1ndonos de eso&#8221;.<br><br>Los delitos de alto impacto, como el feminicidio, violaci\u00f3n y trata de personas, cuyas v\u00edctimas son en su mayor\u00eda mujeres, se dispararon en los primeros cinco meses de 2021 con respecto al mismo periodo del a\u00f1o anterior.<br><br>El lunes, al presentar el informe de seguridad mensual, Rosa Icela Rodr\u00edguez, secretaria de Seguridad y Protecci\u00f3n Ciudadana (SSPC), report\u00f3 que el feminicidio se increment\u00f3 7.1%, mientras que la violaci\u00f3n y la trata de personas, 30.5% y 47.5%, respectivamente.<br><br>De enero a mayo de este a\u00f1o, se contabilizaron 423 asesinatos contra mujeres en el pa\u00eds por raz\u00f3n de g\u00e9nero, rebasando los 395 ocurridos en el mismo periodo de 2020 \u2014y eso en plena pandemia por el coronavirus SARS-CoV-2.<br><br>Del total de feminicidios de 2021, 98 se cometieron con arma blanca; 80, con arma de fuego, y 206, con &#8220;otro elemento&#8221;, seg\u00fan las estad\u00edsticas del Secretariado Ejecutivo del Sistema Nacional de Seguridad P\u00fablica (SESNSP).<br><br>En cifras absolutas, el Estado de M\u00e9xico ocupa el primer lugar a nivel nacional con 61 v\u00edctimas de feminicidio, seguido de Jalisco, 38; Veracruz, 32; Ciudad de M\u00e9xico, 28; Morelos, 20; Nuevo Le\u00f3n, 20; Sonora, 20; Puebla 19; Guanajuato, 17.<\/p>\n","protected":false},"excerpt":{"rendered":"<p>El presidente Andr\u00e9s Manuel L\u00f3pez Obrador reconoci\u00f3 este martes que hay un incremento en el n\u00famero de feminicidios y de violencia familiar, pero asegur\u00f3 que su gobierno se est\u00e1 ocupando en reducir estas estad\u00edsticas. &#8220;Ha habido un incremento lamentablemente en feminicidios, en violencia familiar, estamos ocup\u00e1ndonos de eso&#8221;. Los delitos de alto impacto, como el [&hellip;]<\/p>\n","protected":false},"author":81,"featured_media":163247,"comment_status":"closed","ping_status":"open","sticky":false,"template":"","format":"standard","meta":{"footnotes":""},"categories":[15,36],"tags":[],"class_list":["post-169002","post","type-post","status-publish","format-standard","has-post-thumbnail","hentry","category-destacadas","category-nacion"],"_links":{"self":[{"href":"https:\/\/plazajuarez.mx\/historico\/wp-json\/wp\/v2\/posts\/169002","targetHints":{"allow":["GET"]}}],"collection":[{"href":"https:\/\/plazajuarez.mx\/historico\/wp-json\/wp\/v2\/posts"}],"about":[{"href":"https:\/\/plazajuarez.mx\/historico\/wp-json\/wp\/v2\/types\/post"}],"author":[{"embeddable":true,"href":"https:\/\/plazajuarez.mx\/historico\/wp-json\/wp\/v2\/users\/81"}],"replies":[{"embeddable":true,"href":"https:\/\/plazajuarez.mx\/historico\/wp-json\/wp\/v2\/comments?post=169002"}],"version-history":[{"count":0,"href":"https:\/\/plazajuarez.mx\/historico\/wp-json\/wp\/v2\/posts\/169002\/revisions"}],"wp:featuredmedia":[{"embeddable":true,"href":"https:\/\/plazajuarez.mx\/historico\/wp-json\/wp\/v2\/media\/163247"}],"wp:attachment":[{"href":"https:\/\/plazajuarez.mx\/historico\/wp-json\/wp\/v2\/media?parent=169002"}],"wp:term":[{"taxonomy":"category","embeddable":true,"href":"https:\/\/plazajuarez.mx\/historico\/wp-json\/wp\/v2\/categories?post=169002"},{"taxonomy":"post_tag","embeddable":true,"href":"https:\/\/plazajuarez.mx\/historico\/wp-json\/wp\/v2\/tags?post=169002"}],"curies":[{"name":"wp","href":"https:\/\/api.w.org\/{rel}","templated":true}]}}