{"id":168994,"date":"2021-06-22T10:06:12","date_gmt":"2021-06-22T15:06:12","guid":{"rendered":"https:\/\/plazajuarez.mx\/?p=168994"},"modified":"2021-06-22T10:07:58","modified_gmt":"2021-06-22T15:07:58","slug":"constante-capacitacion-a-directores-y-maestros-de-los-caic","status":"publish","type":"post","link":"https:\/\/plazajuarez.mx\/historico\/constante-capacitacion-a-directores-y-maestros-de-los-caic\/","title":{"rendered":"Constante capacitaci\u00f3n a directores y maestros de los CAIC"},"content":{"rendered":"\n<p><strong>Tulancingo\u00a0<\/strong><\/p>\n\n\n\n<p>Es prioridad del Sistema para el Desarrollo Integral de la Familia de Tulancingo, presidido por Yolanda Magaldi Rivera, brindar la mejor atenci\u00f3n a las ni\u00f1as y ni\u00f1os que cursan su educaci\u00f3n en los Centros de Atenci\u00f3n Infantil Comunitarios.<\/p>\n\n\n\n<p>Por tal motivo, tanto maestros como directores de la dependencia, reciben una constante capacitaci\u00f3n, mediante diferentes cursos, a fin de que los profesionistas ampl\u00eden su panorama sobre diversos temas.<\/p>\n\n\n\n<p>Se dio a conocer, por parte de las titulares de los CAIC\u2019s, Ju\u00e1rez y Francisco I. Madero, Magdalena G\u00f3mez Vera y Eunice Nair Atilano respectivamente, que los docentes han participado en el curso: \u201c1, 2, 3 por todos los Derechos de las Ni\u00f1as, Ni\u00f1os y Adolescentes sin Discriminaci\u00f3n\u201d.<\/p>\n\n\n\n<p>Igualmente programan tomar el diplomado \u201cVida Saludable\u201d, con la finalidad de contar con mejores herramientas para el apoyo y atenci\u00f3n a los menores, en este caso ni\u00f1as y ni\u00f1os de educaci\u00f3n preescolar.<\/p>\n\n\n\n<p>Retomando lo referente al curso que imparte en l\u00ednea el Consejo Nacional para Prevenir la Discriminaci\u00f3n (CONAPRED); tiene por objetivo garantizar la protecci\u00f3n de los derechos establecidos en la Ley General de Ni\u00f1as, Ni\u00f1os y Adolescentes, indicados en los art\u00edculo 2 y 3, que establece las obligaciones, de los servidores p\u00fablicos respetando, protegiendo y promocionando los derechos humanos de la mencionada poblaci\u00f3n.<\/p>\n\n\n\n<p>Asimismo, estar m\u00e1s capacitados para brindar la atenci\u00f3n y reconocer a ni\u00f1as, ni\u00f1os y adolescentes como sujetos de derechos para promover una cultura de igualdad y CERO discriminaci\u00f3n a trav\u00e9s de un marco hist\u00f3rico, conceptual y jur\u00eddico.<\/p>\n","protected":false},"excerpt":{"rendered":"<p>Tulancingo\u00a0 Es prioridad del Sistema para el Desarrollo Integral de la Familia de Tulancingo, presidido por Yolanda Magaldi Rivera, brindar la mejor atenci\u00f3n a las ni\u00f1as y ni\u00f1os que cursan su educaci\u00f3n en los Centros de Atenci\u00f3n Infantil Comunitarios. Por tal motivo, tanto maestros como directores de la dependencia, reciben una constante capacitaci\u00f3n, mediante diferentes [&hellip;]<\/p>\n","protected":false},"author":93,"featured_media":168996,"comment_status":"closed","ping_status":"open","sticky":false,"template":"","format":"standard","meta":{"footnotes":""},"categories":[40],"tags":[],"class_list":["post-168994","post","type-post","status-publish","format-standard","has-post-thumbnail","hentry","category-region"],"_links":{"self":[{"href":"https:\/\/plazajuarez.mx\/historico\/wp-json\/wp\/v2\/posts\/168994","targetHints":{"allow":["GET"]}}],"collection":[{"href":"https:\/\/plazajuarez.mx\/historico\/wp-json\/wp\/v2\/posts"}],"about":[{"href":"https:\/\/plazajuarez.mx\/historico\/wp-json\/wp\/v2\/types\/post"}],"author":[{"embeddable":true,"href":"https:\/\/plazajuarez.mx\/historico\/wp-json\/wp\/v2\/users\/93"}],"replies":[{"embeddable":true,"href":"https:\/\/plazajuarez.mx\/historico\/wp-json\/wp\/v2\/comments?post=168994"}],"version-history":[{"count":0,"href":"https:\/\/plazajuarez.mx\/historico\/wp-json\/wp\/v2\/posts\/168994\/revisions"}],"wp:featuredmedia":[{"embeddable":true,"href":"https:\/\/plazajuarez.mx\/historico\/wp-json\/wp\/v2\/media\/168996"}],"wp:attachment":[{"href":"https:\/\/plazajuarez.mx\/historico\/wp-json\/wp\/v2\/media?parent=168994"}],"wp:term":[{"taxonomy":"category","embeddable":true,"href":"https:\/\/plazajuarez.mx\/historico\/wp-json\/wp\/v2\/categories?post=168994"},{"taxonomy":"post_tag","embeddable":true,"href":"https:\/\/plazajuarez.mx\/historico\/wp-json\/wp\/v2\/tags?post=168994"}],"curies":[{"name":"wp","href":"https:\/\/api.w.org\/{rel}","templated":true}]}}