{"id":16899,"date":"2016-02-08T14:14:52","date_gmt":"2016-02-08T14:14:52","guid":{"rendered":"http:\/\/plazajuarez.mx\/index\/index.php\/2016\/02\/08\/presidente-de-haiti-deja-el-poder-a-gobierno-interino\/"},"modified":"2016-02-08T14:14:52","modified_gmt":"2016-02-08T14:14:52","slug":"presidente-de-haiti-deja-el-poder-a-gobierno-interino","status":"publish","type":"post","link":"https:\/\/plazajuarez.mx\/historico\/presidente-de-haiti-deja-el-poder-a-gobierno-interino\/","title":{"rendered":"PRESIDENTE DE HAIT\u00cd DEJA EL PODER A GOBIERNO INTERINO"},"content":{"rendered":"<p>PRIMER MINISTRO PERMANECER\u00c1 EN EL CARGO EN LO QUE ELIGEN AL MANDATARIO PROVISIONAL <\/p>\n<p>Durante su discurso de despedida, Michel Martelly lamenta que se aplazara la elecci\u00f3n presidencial<\/p>\n<p>  <!--more-->  <\/p>\n<p>\u00a0<\/p>\n<p><strong>PUERTO PR\u00cdNCIPE, HAIT\u00cd .-<\/strong>\u00a0El mandatario\u00a0<a href=\"http:\/\/www.informador.com.mx\/internacional\/2016\/643094\/6\/michel-martelly-destaca-acuerdo-para-transicion-en-haiti.htm\"><strong>Michel Martelly<\/strong><\/a>\u00a0pronunci\u00f3 el domingo su discurso de despedida ante el pueblo haitiano sin que haya a\u00fan un sucesor elegido debido a la cancelaci\u00f3n el mes pasado de la segunda vuelta presidencial en medio de violentas protestas y profundas sospechas de fraude electoral.<\/p>\n<p> En un discurso de casi 20 minutos ante una sesi\u00f3n conjunta del parlamento, Martelly dijo que &#8220;mi mayor lamento es que se aplazara la elecci\u00f3n presidencial&#8221;. En palabras dirigidas al pueblo haitiano, Martelly dijo que trabaj\u00f3 &#8220;d\u00eda y noche&#8221; para mejorar al pa\u00eds y que estaba &#8220;listo para ser juzgado por la historia&#8221;.<\/p>\n<p> Martelly, que asumi\u00f3 la presidencia en mayo de 2011, dej\u00f3 el cargo en una jornada que coincidi\u00f3 con el primer d\u00eda de la celebraci\u00f3n anual del Carnaval de Puerto Pr\u00edncipe, el cual dura tres d\u00edas.<\/p>\n<p> Sin embargo, las autoridades cancelaron las festividades del domingo debido a la atmosfera de tensi\u00f3n en medio de la incertidumbre pol\u00edtica.<\/p>\n<p> Los legisladores han iniciado el proceso de conformar un gobierno interino de corto plazo para suavizar las divisiones pol\u00edticas y llenar el vac\u00edo de poder que deja el fin del periodo de Martelly como mandatario. <\/p>\n<p>\u00a0<\/p>\n<p>\u00a0<\/p>\n<p> LA ANTERIOR OCASI\u00d3N QUE HAIT\u00cd TUVO UN GOBIERNO DE TRANSICI\u00d3N FUE EN 2004. AQUEL GOBIERNO INTERINO, QUE DUR\u00d3 DOS A\u00d1OS, ASUMI\u00d3 EL PODER DURANTE LOS D\u00cdAS CA\u00d3TICOS QUE SIGUIERON AL DERROCAMIENTO DEL PRESIDENTE JEAN BERTRAND-ARISTIDE DURANTE UNA REBELI\u00d3N. DESPU\u00c9S, UNA FUERZA DE PAZ DE LA ONU LLEG\u00d3 PARA ESTABILIZAR AL PA\u00cdS. <\/p>\n","protected":false},"excerpt":{"rendered":"<p>PRIMER MINISTRO PERMANECER\u00c1 EN EL CARGO EN LO QUE ELIGEN AL MANDATARIO PROVISIONAL Durante su discurso de despedida, Michel Martelly lamenta que se aplazara la elecci\u00f3n presidencial<\/p>\n","protected":false},"author":93,"featured_media":0,"comment_status":"open","ping_status":"open","sticky":false,"template":"","format":"standard","meta":{"footnotes":""},"categories":[31],"tags":[],"class_list":["post-16899","post","type-post","status-publish","format-standard","hentry","category-orbe"],"_links":{"self":[{"href":"https:\/\/plazajuarez.mx\/historico\/wp-json\/wp\/v2\/posts\/16899","targetHints":{"allow":["GET"]}}],"collection":[{"href":"https:\/\/plazajuarez.mx\/historico\/wp-json\/wp\/v2\/posts"}],"about":[{"href":"https:\/\/plazajuarez.mx\/historico\/wp-json\/wp\/v2\/types\/post"}],"author":[{"embeddable":true,"href":"https:\/\/plazajuarez.mx\/historico\/wp-json\/wp\/v2\/users\/93"}],"replies":[{"embeddable":true,"href":"https:\/\/plazajuarez.mx\/historico\/wp-json\/wp\/v2\/comments?post=16899"}],"version-history":[{"count":0,"href":"https:\/\/plazajuarez.mx\/historico\/wp-json\/wp\/v2\/posts\/16899\/revisions"}],"wp:attachment":[{"href":"https:\/\/plazajuarez.mx\/historico\/wp-json\/wp\/v2\/media?parent=16899"}],"wp:term":[{"taxonomy":"category","embeddable":true,"href":"https:\/\/plazajuarez.mx\/historico\/wp-json\/wp\/v2\/categories?post=16899"},{"taxonomy":"post_tag","embeddable":true,"href":"https:\/\/plazajuarez.mx\/historico\/wp-json\/wp\/v2\/tags?post=16899"}],"curies":[{"name":"wp","href":"https:\/\/api.w.org\/{rel}","templated":true}]}}