{"id":16897,"date":"2016-02-08T14:14:26","date_gmt":"2016-02-08T14:14:26","guid":{"rendered":"http:\/\/plazajuarez.mx\/index\/index.php\/2016\/02\/08\/norton-comprometio-apoyo-a-cuidado-medioambiente-en-bolivia-segun-morales\/"},"modified":"2016-02-08T14:14:26","modified_gmt":"2016-02-08T14:14:26","slug":"norton-comprometio-apoyo-a-cuidado-medioambiente-en-bolivia-segun-morales","status":"publish","type":"post","link":"https:\/\/plazajuarez.mx\/historico\/norton-comprometio-apoyo-a-cuidado-medioambiente-en-bolivia-segun-morales\/","title":{"rendered":"Norton comprometi\u00f3 apoyo a cuidado medioambiente en Bolivia, seg\u00fan Morales"},"content":{"rendered":"<p>ACTO EN LA REGI\u00d3N DE COCHABAMBA\u00a0 <\/p>\n<ul>\n<li>Morales se\u00f1al\u00f3 que Norton, que lleg\u00f3 a Bolivia para asistir a las celebraciones del carnaval, se mostr\u00f3 &#8220;sorprendido&#8221; por las tradiciones <!--more--> <\/li>\n<\/ul>\n<p>El actor estadounidense Edward Norton se comprometi\u00f3 a buscar financiaci\u00f3n para respaldar las pol\u00edticas de protecci\u00f3n del medioambiente en Bolivia, afirm\u00f3 el presidente del pa\u00eds andino, Evo Morales.<\/p>\n<p>En un acto en la regi\u00f3n de Cochabamba (centro), Morales se\u00f1al\u00f3 que Norton, que lleg\u00f3 a Bolivia para asistir a las celebraciones del carnaval, se mostr\u00f3 &#8220;sorprendido&#8221; por las tradiciones y por la forma en que se han organizado los sectores sociales de este pa\u00eds.<\/p>\n<p>&#8220;Va a ser mi mejor mensajero, \u00e9l tiene mucha inclinaci\u00f3n en temas de medioambiente. Se ha contactado con el Ministerio de Medio Ambiente y Agua, quiere buscar financiamientos, trabajar por Bolivia. (Es un) admirador de las pol\u00edticas sobre la Madre Tierra, sobre la &#8216;Pachamama'&#8221;, dijo el gobernante, sin dar mayores detalles.<\/p>\n<p>Norton lleg\u00f3 a La Paz el jueves invitado por la Cervecer\u00eda Boliviana Nacional (CBN), dentro de una campa\u00f1a promovida por esa firma privada para promocionar en el mundo las celebraciones del carnaval boliviano.<\/p>\n<p>El actor se reuni\u00f3 el jueves con el presidente Morales en el Palacio de Gobierno y despu\u00e9s particip\u00f3 en los rituales ancestrales de agradecimiento a la &#8220;Pachamama&#8221; que son parte de la tradici\u00f3n del carnaval en la zona andina boliviana.<\/p>\n<p>El s\u00e1bado, la estrella de Hollywood asisti\u00f3 al Carnaval de Oruro, el m\u00e1s famoso de Bolivia y que tiene rango de patrimonio cultural inmaterial de la humanidad, y tambi\u00e9n acudi\u00f3 a los festejos en Santa Cruz (este).<\/p>\n<p>En la ciudad cruce\u00f1a, Norton ofreci\u00f3 una rueda de prensa el s\u00e1bado en la noche, en la que confirm\u00f3 que tuvo un encuentro con la ministra boliviana de Medio Ambiente y Agua, Alexandra Moreira.<\/p>\n","protected":false},"excerpt":{"rendered":"<p>ACTO EN LA REGI\u00d3N DE COCHABAMBA\u00a0 Morales se\u00f1al\u00f3 que Norton, que lleg\u00f3 a Bolivia para asistir a las celebraciones del carnaval, se mostr\u00f3 &#8220;sorprendido&#8221; por las tradiciones<\/p>\n","protected":false},"author":93,"featured_media":0,"comment_status":"open","ping_status":"open","sticky":false,"template":"","format":"standard","meta":{"footnotes":""},"categories":[31],"tags":[],"class_list":["post-16897","post","type-post","status-publish","format-standard","hentry","category-orbe"],"_links":{"self":[{"href":"https:\/\/plazajuarez.mx\/historico\/wp-json\/wp\/v2\/posts\/16897","targetHints":{"allow":["GET"]}}],"collection":[{"href":"https:\/\/plazajuarez.mx\/historico\/wp-json\/wp\/v2\/posts"}],"about":[{"href":"https:\/\/plazajuarez.mx\/historico\/wp-json\/wp\/v2\/types\/post"}],"author":[{"embeddable":true,"href":"https:\/\/plazajuarez.mx\/historico\/wp-json\/wp\/v2\/users\/93"}],"replies":[{"embeddable":true,"href":"https:\/\/plazajuarez.mx\/historico\/wp-json\/wp\/v2\/comments?post=16897"}],"version-history":[{"count":0,"href":"https:\/\/plazajuarez.mx\/historico\/wp-json\/wp\/v2\/posts\/16897\/revisions"}],"wp:attachment":[{"href":"https:\/\/plazajuarez.mx\/historico\/wp-json\/wp\/v2\/media?parent=16897"}],"wp:term":[{"taxonomy":"category","embeddable":true,"href":"https:\/\/plazajuarez.mx\/historico\/wp-json\/wp\/v2\/categories?post=16897"},{"taxonomy":"post_tag","embeddable":true,"href":"https:\/\/plazajuarez.mx\/historico\/wp-json\/wp\/v2\/tags?post=16897"}],"curies":[{"name":"wp","href":"https:\/\/api.w.org\/{rel}","templated":true}]}}