{"id":16893,"date":"2016-02-08T14:11:58","date_gmt":"2016-02-08T14:11:58","guid":{"rendered":"http:\/\/plazajuarez.mx\/index\/index.php\/2016\/02\/08\/futbol-nacional-356\/"},"modified":"2016-02-08T14:11:58","modified_gmt":"2016-02-08T14:11:58","slug":"futbol-nacional-356","status":"publish","type":"post","link":"https:\/\/plazajuarez.mx\/historico\/futbol-nacional-356\/","title":{"rendered":"Futbol Nacional"},"content":{"rendered":"<p><strong>Dimos muchas facilidades: \u201cMemo\u201d V\u00e1zquez <\/strong><\/p>\n<ul>\n<li>El t\u00e9cnico Diego Alonso acept\u00f3 que los Rizos no jugaron bien. &#8220;Pero rescatamos el empate. Confundimos nuestras prioridades, fuimos tras la din\u00e1mica en vez del control, pero aun as\u00ed nunca dejamos de luchar&#8221;.<\/li>\n<\/ul>\n<p><strong>\u00a0<\/strong><\/p>\n<p>  <!--more-->  <\/p>\n<p>\u00a0<\/p>\n<p><strong>\u201c<\/strong>El cuadro universitario estuvo gran parte del partido arriba en el marcador, sin embargo, en los \u00faltimos diez minutos permiti\u00f3 que Pachuca se volcara con todo al ataque\u201d.<\/p>\n<p><strong>\u00a0<\/strong><\/p>\n<p>A Memo V\u00e1zquez le urge. El t\u00e9cnico de los Pumas ve el calendario y sabe que los puntos que se han perdido har\u00e1n falta cuando venga el traj\u00edn de la Copa Libertadores.\u00a0<br \/> Despu\u00e9s del juego en el que los universitarios empataron ante Pachuca, dijo: &#8220;Lo que est\u00e1 sucediendo no es lo ideal, pero un punto es un punto. Al final dimos muchas facilidades&#8221;.\u00a0<\/p>\n<p> Asimismo, el t\u00e9cnico espera que los resultados lleguen pronto, &#8220;antes de que comience el traj\u00edn de la Libertadores. Necesitamos un colch\u00f3n m\u00e1s de puntos&#8221;.\u00a0<\/p>\n<p> En tanto que Diego Alonso acept\u00f3 que los Rizos no jugaron bien. &#8220;Pero rescatamos el empate. Confundimos nuestras prioridades, fuimos tras la din\u00e1mica en vez del control, pero aun as\u00ed nunca dejamos de luchar&#8221;.\u00a0<\/p>\n<p>El cuadro universitario estuvo gran parte del partido arriba en el marcador, sin embargo, en los \u00faltimos diez minutos permiti\u00f3 que Pachuca se volcara con todo al ataque, lo que propicio que al minuto 88\u2019 el cuadro hidalguense empatara el cotejo y se llevara un punto de oro, ya que de paso mantuvo el invicto del presente torneo.<\/p>\n<p>Por ahora, el cuadro universitario ahora se deber\u00e1 concentrar en la Copa Libertadores de Am\u00e9rica.<\/p>\n<p>\u00a0<\/p>\n<p>\u00a0<\/p>\n<p>**<\/p>\n<p>#SELECCI\u00d3N MEXICANA<\/p>\n<p><strong>SE VALE SO\u00d1AR: \u201cPIKOL\u00cdN\u201d PALACIOS <\/strong><\/p>\n<p>\u201cPikol\u00edn\u201d se acerca a la tribuna, entona un \u201cGoya\u201d y regala sus guantes a la afici\u00f3n mientras en Ciudad Universitaria retumba el grito de \u201cvenga, Palacios\u201d entre aplausos.\u00a0<br \/> Entonces besa su playera y agradece al pueblo auriazul el apoyo tras recibir su primer llamado a la Selecci\u00f3n mexicana.\u00a0<br \/> \u201cEstoy contento, ilusionado y agradecido\u201d, comenta el portero, vitoreado desde que el sonido local menciona su nombre.\u00a0<br \/> \u201cLa afici\u00f3n universitaria me ha apoyado en todo momento y yo trato de brindar mi esfuerzo cada fin de semana por ellos\u201d, afirma Alejandro Palacios antes de reportarse con el t\u00e9cnico Juan Carlos Osorio.\u00a0<br \/> \u201cEsto apenas inicia, es mi primer llamado y se vale so\u00f1ar, \u00bfno? Quiero estar en el proceso y para eso voy a trabajar y hacer lo mejor posible\u201d, abunda el guardameta felino.\u00a0<br \/> Su entrenador en Pumas, Guillermo V\u00e1zquez, le echa porras: \u201cEs muy profesional, trabaja al m\u00e1ximo, ha mantenido un nivel muy regular y es lo que le ha permitido ser convocado\u201d.\u00a0<br \/> Mientras que el veterano cancerbero de los Tuzos, \u00d3scar P\u00e9rez, desea que \u201cPikol\u00edn\u201d tenga un exitoso paso con el Tri.\u00a0<br \/> \u201cQue le vaya muy bien. Pasa por un buen momento, es una muestra de que est\u00e1 haciendo las cosas bien y qu\u00e9 bueno que haya apertura por parte del t\u00e9cnico (Osorio)\u201d.<\/p>\n<p>**<\/p>\n<p><strong>Jugadores del norte reportan con la Selecci\u00f3n Mexicana <\/strong><\/p>\n<p>La Selecci\u00f3n Mexicana enfrentar\u00e1 a su similar de Senegal el pr\u00f3ximo mi\u00e9rcoles 10 de febrero en Miami, Florida, con lo que inicia su actividad en este 2016.<\/p>\n<p>Los jugadores de Tigres y Rayados que recibieron el llamado para este compromiso salieron temprano de la Sultana del Norte para reportar en las instalaciones del CAR y trabajar bajo las \u00f3rdenes del timonel Juna Carlos Osorio.<\/p>\n<p>\u201cMotivado por hacer bien las cosas y esperando tener participaci\u00f3n el mi\u00e9rcoles, a disposici\u00f3n del profesor (Osorio); siempre que te tomen en cuenta y que est\u00e9n poniendo los ojos en ti es gratificante y te sirve para seguir trabajando bien\u201d, coment\u00f3 Jos\u00e9 Rivas, defensa de Tigres.<\/p>\n<p>A excepci\u00f3n de Javier Aquino, quien hizo el viaje desde antes, los felinos Rivas, Torres Nilo, Israel Jim\u00e9nez, Jes\u00fas Due\u00f1as y J\u00fcrgen Damm, viajaron a la capital del pa\u00eds; por parte de Monterrey los mediocampistas Jes\u00fas Zavala y C\u00e1ndido Ram\u00edrez tambi\u00e9n emprendieron el viaje.\u00a0<\/p>\n<p>Tanto Monterrey, como el actual campe\u00f3n del futbol mexicano, viven un gran momento en la Liga Mx, y se espera que puedan dar un gran partido sus elementos, en el partido amistoso que tendr\u00e1 el cuadro nacional, donde Juan Carlos Osorio sacar\u00e1 distintas conclusiones.<\/p>\n","protected":false},"excerpt":{"rendered":"<p>Dimos muchas facilidades: \u201cMemo\u201d V\u00e1zquez El t\u00e9cnico Diego Alonso acept\u00f3 que los Rizos no jugaron bien. &#8220;Pero rescatamos el empate. Confundimos nuestras prioridades, fuimos tras la din\u00e1mica en vez del control, pero aun as\u00ed nunca dejamos de luchar&#8221;. \u00a0<\/p>\n","protected":false},"author":93,"featured_media":0,"comment_status":"open","ping_status":"open","sticky":false,"template":"","format":"standard","meta":{"footnotes":""},"categories":[39],"tags":[],"class_list":["post-16893","post","type-post","status-publish","format-standard","hentry","category-deportiva"],"_links":{"self":[{"href":"https:\/\/plazajuarez.mx\/historico\/wp-json\/wp\/v2\/posts\/16893","targetHints":{"allow":["GET"]}}],"collection":[{"href":"https:\/\/plazajuarez.mx\/historico\/wp-json\/wp\/v2\/posts"}],"about":[{"href":"https:\/\/plazajuarez.mx\/historico\/wp-json\/wp\/v2\/types\/post"}],"author":[{"embeddable":true,"href":"https:\/\/plazajuarez.mx\/historico\/wp-json\/wp\/v2\/users\/93"}],"replies":[{"embeddable":true,"href":"https:\/\/plazajuarez.mx\/historico\/wp-json\/wp\/v2\/comments?post=16893"}],"version-history":[{"count":0,"href":"https:\/\/plazajuarez.mx\/historico\/wp-json\/wp\/v2\/posts\/16893\/revisions"}],"wp:attachment":[{"href":"https:\/\/plazajuarez.mx\/historico\/wp-json\/wp\/v2\/media?parent=16893"}],"wp:term":[{"taxonomy":"category","embeddable":true,"href":"https:\/\/plazajuarez.mx\/historico\/wp-json\/wp\/v2\/categories?post=16893"},{"taxonomy":"post_tag","embeddable":true,"href":"https:\/\/plazajuarez.mx\/historico\/wp-json\/wp\/v2\/tags?post=16893"}],"curies":[{"name":"wp","href":"https:\/\/api.w.org\/{rel}","templated":true}]}}