{"id":168919,"date":"2021-06-22T10:23:02","date_gmt":"2021-06-22T15:23:02","guid":{"rendered":"https:\/\/plazajuarez.mx\/?p=168919"},"modified":"2021-06-22T10:23:20","modified_gmt":"2021-06-22T15:23:20","slug":"j-balvin-estrenara-juntos-imparables-dedicado-a-los-emprendedores-hispanos","status":"publish","type":"post","link":"https:\/\/plazajuarez.mx\/historico\/j-balvin-estrenara-juntos-imparables-dedicado-a-los-emprendedores-hispanos\/","title":{"rendered":"J Balvin estrenar\u00e1 &#8220;Juntos Imparables&#8221;, dedicado a los emprendedores hispanos"},"content":{"rendered":"\n<p>El colombiano J Balvin publicar\u00e1 el mi\u00e9rcoles el tema &#8220;Juntos Imparables&#8221;, una canci\u00f3n con la que rinde honor a los emprendedores y peque\u00f1os empresarios hispanos, uno de los grupos m\u00e1s afectados por la pandemia del coronovirus.<\/p>\n\n\n\n<p>La canci\u00f3n, que se estrenar\u00e1 v\u00eda TikTok, una plataforma muy usada por los emprendedores hispanos, es para el artista una reminiscencia de sus inicios antes de alcanzar la fama, periodo en el que pint\u00f3 casas, adem\u00e1s de otras labores, mientras se abr\u00eda paso en la industria musical.<\/p>\n\n\n\n<p>&#8220;Entiendo exactamente lo dif\u00edcil que es ser un emprendedor o una peque\u00f1a empresa&#8221;, se\u00f1al\u00f3 el cantante en declaraciones a Efe sobre las razones de su implicaci\u00f3n en la campa\u00f1a ideada por la empresa de mensajer\u00eda y paqueter\u00eda UPS que ha motivado la canci\u00f3n.<\/p>\n\n\n\n<p>Esta figura del reguet\u00f3n dio a conocer el a\u00f1o pasado que enferm\u00f3 de la covid-19 y en el mes de mayo, durante el concierto virtual Vax Live para promocionar las vacunas contra la enfermedad, dijo incluso: &#8220;Casi me mata&#8221;.<\/p>\n\n\n\n<p>&#8220;Todos tenemos bendiciones, ya sea nuestra salud, nuestra familia o simplemente la capacidad de vernos. Entre tener Covid yo mismo y tener tantas de esas otras bendiciones pausadas el a\u00f1o pasado, me hizo concentrarme en apreciar esas cosas que damos por sentado y alentar a otros a hacer lo mismo&#8221;, explic\u00f3 a Efe.<\/p>\n\n\n\n<p>Parte de esa reflexi\u00f3n ha sido su b\u00fasqueda del equilibrio por lo que a pesar de estar en el ojo p\u00fablico se toma momentos para la meditaci\u00f3n y para estar con sus seres queridos.<\/p>\n\n\n\n<p>&#8220;Una de las cosas que me han ense\u00f1ado los \u00faltimos a\u00f1os es que no puedo ser lo mejor para el mundo si no me cuido. Tener tiempo para aclarar mi mente y estar con mi familia me centra de una manera que es esencial&#8221;, revel\u00f3.<\/p>\n\n\n\n<p>Parte de ello se vio en el reciente documental &#8220;The Boy From Medell\u00edn&#8221;, que, como dijo, ofrece una imagen suya &#8220;real y honesta&#8221;: &#8220;Y la imagen honesta es que, por mucho que lo intente, no soy perfecto. \u00a1Yo tambi\u00e9n soy un ser humano!&#8221;.<\/p>\n\n\n\n<p>Todas esas experiencias hicieron que el colombiano no dude en involucrarse en la campa\u00f1a de UPS, para la que cre\u00f3 en exclusiva esta canci\u00f3n que se estrenar\u00e1 en TikTok con el fin de que los hispanos puedan promocionar sus peque\u00f1os negocios en esta plataforma.<\/p>\n\n\n\n<p>En el marco de esta campa\u00f1a, la firma ha donado 150.000 d\u00f3lares a la C\u00e1mara de Comercio Hispana de Estados Unidos (USHCC, por sus siglas en ingl\u00e9s) a fin de proveer fondos para los hispanos due\u00f1os de negocios golpeados por el coronavirus.<\/p>\n\n\n\n<p>En un comunicado, UPS resalta que aunque la crisis desatada por la covid-19 golpe\u00f3 de forma devastadora a todas las peque\u00f1as empresas, el impacto fue desproporcionado en el caso de las de propiedad de hispanos, el 32 % de las cuales debieron cerrar durante el primer mes de la pandemia.<\/p>\n\n\n\n<p>&#8220;Es muy importante para nosotros que UPS refleje a toda la comunidad que ayudamos&#8221;, dijo a Efe el director de marketing de UPS, Kevin Warren.<\/p>\n\n\n\n<p>El ejecutivo resalt\u00f3 las cualidades de inclusividad y diversidad que abraza la firma, y que bajo el eslogan de &#8220;imparables&#8221; han propiciado otras iniciativas recientes a favor de los afroamericanos y la comunidad LGBT.<\/p>\n\n\n\n<p>&#8220;Queremos ayudarlos a que sean imparables&#8221;, reiter\u00f3 el directivo, sobre el proyecto dirigido a los cerca de 4,7 millones de empresas en EE.UU. que son propiedad de hispanos.<\/p>\n\n\n\n<p>La iniciativa incluye tambi\u00e9n el lanzamiento de una nueva serie de cajas de edici\u00f3n limitada biling\u00fce con obras del dise\u00f1ador gr\u00e1fico e ilustrador mexicano Luis Pinto, entre ellas la obra &#8220;Los desaf\u00edos son nuestro fuego&#8221; que desde julio se podr\u00e1 ver en un mural en Chicago (Illinois).<\/p>\n","protected":false},"excerpt":{"rendered":"<p>El colombiano J Balvin publicar\u00e1 el mi\u00e9rcoles el tema &#8220;Juntos Imparables&#8221;, una canci\u00f3n con la que rinde honor a los emprendedores y peque\u00f1os empresarios hispanos, uno de los grupos m\u00e1s afectados por la pandemia del coronovirus. La canci\u00f3n, que se estrenar\u00e1 v\u00eda TikTok, una plataforma muy usada por los emprendedores hispanos, es para el artista [&hellip;]<\/p>\n","protected":false},"author":80,"featured_media":168931,"comment_status":"closed","ping_status":"open","sticky":false,"template":"","format":"standard","meta":{"footnotes":""},"categories":[38],"tags":[],"class_list":["post-168919","post","type-post","status-publish","format-standard","has-post-thumbnail","hentry","category-show"],"_links":{"self":[{"href":"https:\/\/plazajuarez.mx\/historico\/wp-json\/wp\/v2\/posts\/168919","targetHints":{"allow":["GET"]}}],"collection":[{"href":"https:\/\/plazajuarez.mx\/historico\/wp-json\/wp\/v2\/posts"}],"about":[{"href":"https:\/\/plazajuarez.mx\/historico\/wp-json\/wp\/v2\/types\/post"}],"author":[{"embeddable":true,"href":"https:\/\/plazajuarez.mx\/historico\/wp-json\/wp\/v2\/users\/80"}],"replies":[{"embeddable":true,"href":"https:\/\/plazajuarez.mx\/historico\/wp-json\/wp\/v2\/comments?post=168919"}],"version-history":[{"count":0,"href":"https:\/\/plazajuarez.mx\/historico\/wp-json\/wp\/v2\/posts\/168919\/revisions"}],"wp:featuredmedia":[{"embeddable":true,"href":"https:\/\/plazajuarez.mx\/historico\/wp-json\/wp\/v2\/media\/168931"}],"wp:attachment":[{"href":"https:\/\/plazajuarez.mx\/historico\/wp-json\/wp\/v2\/media?parent=168919"}],"wp:term":[{"taxonomy":"category","embeddable":true,"href":"https:\/\/plazajuarez.mx\/historico\/wp-json\/wp\/v2\/categories?post=168919"},{"taxonomy":"post_tag","embeddable":true,"href":"https:\/\/plazajuarez.mx\/historico\/wp-json\/wp\/v2\/tags?post=168919"}],"curies":[{"name":"wp","href":"https:\/\/api.w.org\/{rel}","templated":true}]}}