{"id":168918,"date":"2021-06-22T10:19:04","date_gmt":"2021-06-22T15:19:04","guid":{"rendered":"https:\/\/plazajuarez.mx\/?p=168918"},"modified":"2021-06-22T10:19:20","modified_gmt":"2021-06-22T15:19:20","slug":"funes-mori-se-dice-muy-feliz-de-reportar-con-la-seleccion-mexicana","status":"publish","type":"post","link":"https:\/\/plazajuarez.mx\/historico\/funes-mori-se-dice-muy-feliz-de-reportar-con-la-seleccion-mexicana\/","title":{"rendered":"Funes Mori se dice muy feliz de reportar con la Selecci\u00f3n Mexicana"},"content":{"rendered":"\n<p>\u00a0(EL UNIVERSAL).- Rogelio Funes Mori dijo estar &#8220;muy feliz&#8221;, de incorporarse a la disciplina de la Selecci\u00f3n Nacional Mexicana.<\/p>\n\n\n\n<p>El Mellizo sali\u00f3 muy temprano de Monterrey, rumbo a la ciudad de M\u00e9xico, para por la tarde llegar al Centro de Alto Rendimiento de la Federaci\u00f3n Mexicana de Futbol y quedar a las \u00f3rdenes de Gerardo Martino.<\/p>\n\n\n\n<p>&#8220;Hoy le mand\u00e9 un mensaje en la ma\u00f1ana, para felicitarlo por la convocatoria&#8221;, dijo Ricardo Vali\u00f1o, t\u00e9cnico del Atl\u00e9tico Morelia de la Liga de Expansi\u00f3n MX, y que fue quien llev\u00f3 a Rogelio y su hermano Ramiro, de Dallas a Buenos Aires, para que comenzaran su carrera profesional en el River Plate.<\/p>\n\n\n\n<p>&#8220;Me dijo que estaba saliendo para M\u00e9xico y que estaba muy feliz, feliz de ser un seleccionado mexicano&#8221;.<\/p>\n\n\n\n<p>Los jugadores convocados por Martino se incorporan al CAR para prepararse hacia los juegos amistosos contra Panam\u00e1 en Nashville, donde ir\u00e1 como base la Ol\u00edmpica y contra Nigeria en Los \u00c1ngeles, donde estar\u00e1n los consolidados, como el mismo Rogelio.<\/p>\n","protected":false},"excerpt":{"rendered":"<p>\u00a0(EL UNIVERSAL).- Rogelio Funes Mori dijo estar &#8220;muy feliz&#8221;, de incorporarse a la disciplina de la Selecci\u00f3n Nacional Mexicana. El Mellizo sali\u00f3 muy temprano de Monterrey, rumbo a la ciudad de M\u00e9xico, para por la tarde llegar al Centro de Alto Rendimiento de la Federaci\u00f3n Mexicana de Futbol y quedar a las \u00f3rdenes de Gerardo [&hellip;]<\/p>\n","protected":false},"author":81,"featured_media":168929,"comment_status":"closed","ping_status":"open","sticky":false,"template":"","format":"standard","meta":{"footnotes":""},"categories":[39],"tags":[],"class_list":["post-168918","post","type-post","status-publish","format-standard","has-post-thumbnail","hentry","category-deportiva"],"_links":{"self":[{"href":"https:\/\/plazajuarez.mx\/historico\/wp-json\/wp\/v2\/posts\/168918","targetHints":{"allow":["GET"]}}],"collection":[{"href":"https:\/\/plazajuarez.mx\/historico\/wp-json\/wp\/v2\/posts"}],"about":[{"href":"https:\/\/plazajuarez.mx\/historico\/wp-json\/wp\/v2\/types\/post"}],"author":[{"embeddable":true,"href":"https:\/\/plazajuarez.mx\/historico\/wp-json\/wp\/v2\/users\/81"}],"replies":[{"embeddable":true,"href":"https:\/\/plazajuarez.mx\/historico\/wp-json\/wp\/v2\/comments?post=168918"}],"version-history":[{"count":0,"href":"https:\/\/plazajuarez.mx\/historico\/wp-json\/wp\/v2\/posts\/168918\/revisions"}],"wp:featuredmedia":[{"embeddable":true,"href":"https:\/\/plazajuarez.mx\/historico\/wp-json\/wp\/v2\/media\/168929"}],"wp:attachment":[{"href":"https:\/\/plazajuarez.mx\/historico\/wp-json\/wp\/v2\/media?parent=168918"}],"wp:term":[{"taxonomy":"category","embeddable":true,"href":"https:\/\/plazajuarez.mx\/historico\/wp-json\/wp\/v2\/categories?post=168918"},{"taxonomy":"post_tag","embeddable":true,"href":"https:\/\/plazajuarez.mx\/historico\/wp-json\/wp\/v2\/tags?post=168918"}],"curies":[{"name":"wp","href":"https:\/\/api.w.org\/{rel}","templated":true}]}}