{"id":168917,"date":"2021-06-22T10:21:51","date_gmt":"2021-06-22T15:21:51","guid":{"rendered":"https:\/\/plazajuarez.mx\/?p=168917"},"modified":"2021-06-22T10:22:10","modified_gmt":"2021-06-22T15:22:10","slug":"george-clooney-y-eva-longoria-abriran-una-escuela-en-los-angeles","status":"publish","type":"post","link":"https:\/\/plazajuarez.mx\/historico\/george-clooney-y-eva-longoria-abriran-una-escuela-en-los-angeles\/","title":{"rendered":"George Clooney y Eva Longoria abrir\u00e1n una escuela en Los \u00c1ngeles"},"content":{"rendered":"\n<p>George Clooney, Eva Longoria, Kerry Washington, Mindy Kaling y Don Cheadle abrir\u00e1n una escuela secundaria en Los \u00c1ngeles (EE.UU.) para estudiantes interesados en desarrollar su futura carrera en el mundo del cine.<\/p>\n\n\n\n<p>El centro, que formar\u00e1 parte de la red escolar p\u00fablica de Los \u00c1ngeles, estar\u00e1 ubicado en el Edward R. Roybal Learning Center, al noreste del centro (downtown) de la ciudad californiana, un \u00e1rea mayoritariamente latina.<\/p>\n\n\n\n<p>&#8220;Nuestro objetivo es reflejar mejor la diversidad del pa\u00eds. Eso significa que hay que comenzar temprano. Significa crear programas de secundaria que ense\u00f1en a los j\u00f3venes sobre c\u00e1maras, edici\u00f3n, efectos visuales, sonido y todas las oportunidades profesionales que esta industria ofrece&#8221;, afirm\u00f3 Clooney en un comunicado.<\/p>\n\n\n\n<p>El programa educativo arrancar\u00e1 en oto\u00f1o de 2022 para los dos primeros cursos de secundaria, con clases impartidas por profesionales de la industria audiovisual.<\/p>\n\n\n\n<p>En ese comunicado, el superintendente de la red escolar de Los \u00c1ngeles, Austin Beutner, puso varios ejemplos sobre c\u00f3mo la educaci\u00f3n secundaria influye en el sector del cine: &#8220;la f\u00edsica es necesaria en la elecci\u00f3n de una lente por parte de un director de fotograf\u00eda, las matem\u00e1ticas son parte de la base de una partitura musical, se necesitan habilidades de pensamiento cr\u00edtico para dise\u00f1ar un escenario&#8230;&#8221;.<\/p>\n\n\n\n<p>Adem\u00e1s, Beutner, que es el superintendente de la segunda red de escuelas p\u00fablicas de EE.UU., s\u00f3lo por detr\u00e1s de Nueva York, dijo que &#8220;los guionistas requieren una base en literatura y un maquillador necesita conocer la qu\u00edmica de los diferentes materiales que pueden usar&#8221;.<\/p>\n\n\n\n<p>De los 650.000 estudiantes que acuden a las escuelas gestionadas por Los Angeles Unified School District (LAUSD), el 80 % son latinos y afroamericanos, unas proporciones que no se ven reflejadas ni en los estudios superiores ni en el d\u00eda a d\u00eda de Hollywood.<\/p>\n\n\n\n<p>La semana pasada, el rapero Dr. Dre y el empresario Jimmy Iovine anunciaron que abrir\u00e1n una escuela secundaria en el sur de Los \u00c1ngeles (EE.UU.) con el prop\u00f3sito de brindar una mejor educaci\u00f3n a las familias de bajos recursos.<\/p>\n\n\n\n<p>&#8220;Ser\u00e1 para ni\u00f1os que quieren comenzar su propia empresa o trabajar en un lugar como Marvel, Apple o empresas por el estilo&#8221;, asegur\u00f3 Iovine al diario Los \u00c1ngeles Times.<\/p>\n","protected":false},"excerpt":{"rendered":"<p>George Clooney, Eva Longoria, Kerry Washington, Mindy Kaling y Don Cheadle abrir\u00e1n una escuela secundaria en Los \u00c1ngeles (EE.UU.) para estudiantes interesados en desarrollar su futura carrera en el mundo del cine. El centro, que formar\u00e1 parte de la red escolar p\u00fablica de Los \u00c1ngeles, estar\u00e1 ubicado en el Edward R. Roybal Learning Center, al [&hellip;]<\/p>\n","protected":false},"author":80,"featured_media":168930,"comment_status":"closed","ping_status":"open","sticky":false,"template":"","format":"standard","meta":{"footnotes":""},"categories":[38],"tags":[],"class_list":["post-168917","post","type-post","status-publish","format-standard","has-post-thumbnail","hentry","category-show"],"_links":{"self":[{"href":"https:\/\/plazajuarez.mx\/historico\/wp-json\/wp\/v2\/posts\/168917","targetHints":{"allow":["GET"]}}],"collection":[{"href":"https:\/\/plazajuarez.mx\/historico\/wp-json\/wp\/v2\/posts"}],"about":[{"href":"https:\/\/plazajuarez.mx\/historico\/wp-json\/wp\/v2\/types\/post"}],"author":[{"embeddable":true,"href":"https:\/\/plazajuarez.mx\/historico\/wp-json\/wp\/v2\/users\/80"}],"replies":[{"embeddable":true,"href":"https:\/\/plazajuarez.mx\/historico\/wp-json\/wp\/v2\/comments?post=168917"}],"version-history":[{"count":0,"href":"https:\/\/plazajuarez.mx\/historico\/wp-json\/wp\/v2\/posts\/168917\/revisions"}],"wp:featuredmedia":[{"embeddable":true,"href":"https:\/\/plazajuarez.mx\/historico\/wp-json\/wp\/v2\/media\/168930"}],"wp:attachment":[{"href":"https:\/\/plazajuarez.mx\/historico\/wp-json\/wp\/v2\/media?parent=168917"}],"wp:term":[{"taxonomy":"category","embeddable":true,"href":"https:\/\/plazajuarez.mx\/historico\/wp-json\/wp\/v2\/categories?post=168917"},{"taxonomy":"post_tag","embeddable":true,"href":"https:\/\/plazajuarez.mx\/historico\/wp-json\/wp\/v2\/tags?post=168917"}],"curies":[{"name":"wp","href":"https:\/\/api.w.org\/{rel}","templated":true}]}}