{"id":168915,"date":"2021-06-22T10:21:03","date_gmt":"2021-06-22T15:21:03","guid":{"rendered":"https:\/\/plazajuarez.mx\/?p=168915"},"modified":"2021-06-22T10:21:18","modified_gmt":"2021-06-22T15:21:18","slug":"nicaragua-detienen-a-otro-aspirante-presidencial","status":"publish","type":"post","link":"https:\/\/plazajuarez.mx\/historico\/nicaragua-detienen-a-otro-aspirante-presidencial\/","title":{"rendered":"Nicaragua, detienen a otro aspirante presidencial"},"content":{"rendered":"\n<p>EFE.- El empresario period\u00edstico Miguel Mora se convirti\u00f3 en el quinto aspirante a la Presidencia de Nicaragua por la oposici\u00f3n en ser arrestado, a menos de cinco meses para las elecciones generales, en las que el presidente Daniel Ortega busca una nueva reelecci\u00f3n.<\/p>\n\n\n\n<p>Mora fue detenido poco antes de la medianoche del domingo, por supuestamente violar la \u201cLey de Defensa de los Derechos del pueblo a la Independencia, la Soberan\u00eda y Autodeterminaci\u00f3n para la Paz\u201d,&nbsp; que sanciona actos considerados como \u201ctraici\u00f3n a la patria\u201d.<\/p>\n\n\n\n<p>Mora \u201ces investigado por realizar actos que menoscaban la independencia, la soberan\u00eda, y la autodeterminaci\u00f3n, incitar a la injerencia extranjera en los asuntos internos, pedir intervenciones militares, organizarse con financiamiento de potencias extranjeras para ejecutar actos de terrorismo y desestabilizaci\u00f3n\u201d.<\/p>\n\n\n\n<p>Tambi\u00e9n es investigado por supuestamente \u201cproponer y gestionar bloqueos econ\u00f3micos, comerciales y de operaciones financieras en contra del pa\u00eds y sus instituciones, demandar, exaltar y aplaudir la imposici\u00f3n de sanciones contra Nicaragua y sus ciudadanos, y lesionar los intereses supremos de la naci\u00f3n\u201d.<\/p>\n","protected":false},"excerpt":{"rendered":"<p>EFE.- El empresario period\u00edstico Miguel Mora se convirti\u00f3 en el quinto aspirante a la Presidencia de Nicaragua por la oposici\u00f3n en ser arrestado, a menos de cinco meses para las elecciones generales, en las que el presidente Daniel Ortega busca una nueva reelecci\u00f3n. Mora fue detenido poco antes de la medianoche del domingo, por supuestamente [&hellip;]<\/p>\n","protected":false},"author":80,"featured_media":168925,"comment_status":"closed","ping_status":"open","sticky":false,"template":"","format":"standard","meta":{"footnotes":""},"categories":[31],"tags":[],"class_list":["post-168915","post","type-post","status-publish","format-standard","has-post-thumbnail","hentry","category-orbe"],"_links":{"self":[{"href":"https:\/\/plazajuarez.mx\/historico\/wp-json\/wp\/v2\/posts\/168915","targetHints":{"allow":["GET"]}}],"collection":[{"href":"https:\/\/plazajuarez.mx\/historico\/wp-json\/wp\/v2\/posts"}],"about":[{"href":"https:\/\/plazajuarez.mx\/historico\/wp-json\/wp\/v2\/types\/post"}],"author":[{"embeddable":true,"href":"https:\/\/plazajuarez.mx\/historico\/wp-json\/wp\/v2\/users\/80"}],"replies":[{"embeddable":true,"href":"https:\/\/plazajuarez.mx\/historico\/wp-json\/wp\/v2\/comments?post=168915"}],"version-history":[{"count":0,"href":"https:\/\/plazajuarez.mx\/historico\/wp-json\/wp\/v2\/posts\/168915\/revisions"}],"wp:featuredmedia":[{"embeddable":true,"href":"https:\/\/plazajuarez.mx\/historico\/wp-json\/wp\/v2\/media\/168925"}],"wp:attachment":[{"href":"https:\/\/plazajuarez.mx\/historico\/wp-json\/wp\/v2\/media?parent=168915"}],"wp:term":[{"taxonomy":"category","embeddable":true,"href":"https:\/\/plazajuarez.mx\/historico\/wp-json\/wp\/v2\/categories?post=168915"},{"taxonomy":"post_tag","embeddable":true,"href":"https:\/\/plazajuarez.mx\/historico\/wp-json\/wp\/v2\/tags?post=168915"}],"curies":[{"name":"wp","href":"https:\/\/api.w.org\/{rel}","templated":true}]}}