{"id":16891,"date":"2016-02-08T14:13:09","date_gmt":"2016-02-08T14:13:09","guid":{"rendered":"http:\/\/plazajuarez.mx\/index\/index.php\/2016\/02\/08\/cruz-y-raya\/"},"modified":"2016-02-08T14:13:09","modified_gmt":"2016-02-08T14:13:09","slug":"cruz-y-raya","status":"publish","type":"post","link":"https:\/\/plazajuarez.mx\/historico\/cruz-y-raya\/","title":{"rendered":"CRUZ Y RAYA"},"content":{"rendered":"<p>#ENTRE EL CALLEJ\u00d3N Y EL TENDIDO<\/p>\n<ul>\n<li>En el tema de la actuaci\u00f3n de Jos\u00e9 Tom\u00e1s en la Monumental Plaza M\u00e9xico de una vez por todas \u201ccruz y raya\u201d. <!--more--> <\/li>\n<\/ul>\n<p>Estimados Amigos con el placer de saludarlos desde este espacio de Plaza Ju\u00e1rez. Miles de kil\u00f3metros de l\u00edneas se han escrito, o cientos de litros de tinta se han derramado sobre el papel peri\u00f3dico, desde que la empresa de la Monumental Plaza de Toros M\u00e9xico, anunci\u00f3 la reaparici\u00f3n en ese coso del Torero de Galapagar, Madrid, Jos\u00e9 Tom\u00e1s Rom\u00e1n Mart\u00edn, \u201cJos\u00e9 Tom\u00e1s\u201d, en mano a mano con Jos\u00e9 Guadalupe Adame Montoya, \u201cJoselito Adame\u201d, la fecha 31 de Enero de 2016, con astados de Don Fernando de la Mora y Los Encinos, sus ganader\u00edas predilectas.<\/p>\n<p>Nom\u00e1s el anuncio de la empresa que encabeza el Odontologo Rafael Herrer\u00edas y las huestes de comunicadores taurinos atizaron con fuerza el fog\u00f3n generando ellos, precisamente ellos, una expectaci\u00f3n inusitada, derrochando elogios sobre el coleta hispano, de su capacidad torera, de su calidad de leyenda viviente, de las dif\u00edciles condiciones en las que Joselito Adame actuar\u00eda frente al \u201cmonstruo de Galapagar\u201d, en fin de deshicieron en elogios y supuestos, sobre lo dif\u00edcil de conseguir un boleto para tal acontecimiento, hasta el punto de que, inteligentemente, la empresa anunci\u00f3 que el boletaje para el esperado regreso de Jos\u00e9 Tom\u00e1s al embudo de la colonia Nochebuena se pondr\u00eda a la venta con sesenta d\u00edas de anticipaci\u00f3n. Hasta aqu\u00ed todos, todos, boletineros, gacetilleros, eruditos de la cr\u00f3nica taurina, revisteros, \u201cchalaos\u201d de las redes sociales como el selecto grupo de los ilustrados periodistas taurinos se refiere de quienes pretenden expresar una opini\u00f3n contraria a ellos, etc., avivamos la fogata de la expectaci\u00f3n y especulaci\u00f3n en torno al magno acontecimiento taurino.<\/p>\n<p>Se lleg\u00f3 la fecha se\u00f1alada, se dio la corrida de la reaparici\u00f3n de Jos\u00e9 Tom\u00e1s al que no le caminaron las cosas como los diaristas, cronistas, periodistas, etc., hab\u00edan pronosticas y prometido a la afici\u00f3n, s\u00ed porque no debemos olvidar que el \u201cPrincipe de Galapagar\u201d nunca abri\u00f3 la boca para prometer nada, todo fueron especulaciones y buenos deseos de que alcanzara un triunfo que en el Toreo es tan, pero tan incierto que de un lance a otro el gozo se va al pozo, aunado lo anterior a lo caracter\u00edsticamente veleidoso que resulta ser el p\u00fablico taurino.<\/p>\n<p>Ah, pero que ha ocurrido despu\u00e9s de la tarde del pasado domingo?, se ha soltado a trav\u00e9s de los \u201cmedios especializados de informaci\u00f3n taurina\u201d un linchamiento generalizado en contra del Torero Madrile\u00f1o, por el solo hecho de no haber cortado orejas, o por haber rechazado la \u00fanica que se le otorg\u00f3 en el festejo por haber sido protestada por un sector del p\u00fablico. En la Fiesta de Toros todo es tan relativo y subjetivo que no es comprensible que quienes tienen la obligaci\u00f3n de orientar, por no decir educar, a los aficionados y p\u00fablico biso\u00f1o en las cuestiones taurinas, por mezquindad, por mercantilismo se lanzan en contra<\/p>\n<p>de quienes jug\u00e1ndose la vida, son el sost\u00e9n econ\u00f3micos de sus familias, porque si no hubiera toreros, mandones, figuras, buenos, regulares o malos, no habr\u00eda esa \u201cpl\u00e9yade de -perm\u00edtasenos parafrasear al inolvidable Jes\u00fas Mart\u00ednez \u2018Palillo\u2019-, vampiros chupasangre\u201d, que medran con el esfuerzo y la sangre de los hombres que visten de luces, en tanto los flamantes comunicadores desde su c\u00f3modo trono se sienten con la facultad de decidir sobre los destinos de los Toreros.<\/p>\n<p>Pero, bien, respecto de Jos\u00e9 Tom\u00e1s, esos mismos profesionales de la pluma, contin\u00faan sopando vendavales a favor del Torero, d\u00edgame Usted si no, cuando a media semana se llev\u00f3 a cabo un simposio, conferencia, mesa redonda o que se, sobre el torero de Galapagar quien encuentra as\u00ed la vigencia necesaria para continuar su leyenda. Se hace necesario, solamente, subrayar uno de los comentarios expresados en mesa de an\u00e1lisis titulada &#8220;Jos\u00e9 Tom\u00e1s o el silencio del mito&#8221;, en el que se extern\u00f3 que \u201caquello que llamamos el mito de Jos\u00e9 Tom\u00e1s, tuvo como momento clave para su creaci\u00f3n aquella brutal cornada del 24 de abril de 2010 en Aguascalientes. Ah\u00ed, al vencer a la muerte y despu\u00e9s torear menos que nunca y en contadas actuaciones, surge esa categor\u00eda especial\u2026\u201d, inexacto, totalmente inexacto, Jos\u00e9 Tom\u00e1s muchos a\u00f1os antes de \u201cNavegante\u201d ya estaba investido del halo legendario que lo caracteriza, baste recordar la tarde del 18 de Mayo de 1999, en Madrid, a tres a\u00f1os de su confirmaci\u00f3n de alternativa al de Galapagar se calificaba como \u201cEl Esperado\u201d en la Feria de San isidro de la Capital espa\u00f1ola, rodeado de la misma expectaci\u00f3n generada por la corrida del domingo pasado, ese d\u00eda en la Plaza de Las Ventas del Esp\u00edritu Santo, alternando con Cesar Rinc\u00f3n y Francisco Rivera Ordo\u00f1ez, reuni\u00f3 a Su Majestad el Rey Juan Carlos, Curro Romero y media Espa\u00f1a taurina, como se\u00f1al\u00f3 Joaqu\u00edn Vidal en su cr\u00f3nica de El Pa\u00eds; \u201c\u2026La plaza al completo se declar\u00f3 en estado de espera. Estaban todos. Desde el pulpo a la realeza. En lo m\u00e1s bajo del tendido noble, don Juan Carlos, y unos pocos asientos m\u00e1s all\u00e1, Curro Romero. De Rey a Rey. La ocasi\u00f3n lo merec\u00eda. Toreaba el m\u00e1s esperado: Jos\u00e9 Tom\u00e1s\u2026\u201d, ese d\u00eda el \u201cPrincipe\u201d abri\u00f3 su tercer Puerta Grande.<\/p>\n<p>A\u00f1os despu\u00e9s, en 2002, Jos\u00e9 Tom\u00e1s como figura del toreo y mandando se fue, ausencia de cinco a\u00f1os, para retornar el 17 de junio de 2007 en la Plaza de Toros Monumental de Barcelona entre una expectaci\u00f3n inusitada y al a\u00f1o siguiente, el d\u00eda 5 de Junio, reaparece en Madrid dentro del mismo clima de inter\u00e9s primero por saber c\u00f3mo lo recibir\u00eda la afici\u00f3n y segundo si responder\u00eda el diestro a la expectativa generada, esa tarde se alz\u00f3 con el corte de cuatro orejas y diez d\u00edas despu\u00e9s repiti\u00f3 en una tarde sublime y tr\u00e1gica, ante dos toros mansos uno e Puerto de San Lorenzo y otro de El Torero, cort\u00f3 tres orejas a cambio de tres cornadas. Entonces la leyenda de Jos\u00e9 Tom\u00e1s adata de mucho antes de \u201cNavegante\u201d, Aguascalientes y 2010.<\/p>\n<p>Concluyendo, no creemos que con el bagaje que carga Jos\u00e9 Tom\u00e1s pretenda salir a pegar \u201cun petardo\u201d, recordemos que las circunstancias en la Fiesta de Toros son diferentes, \u00fanicas e irrepetibles, quien va a los toros sabe que va al encuentro del misterio. Por favor con el tema de Jos\u00e9 Tom\u00e1s \u201ccruz y raya\u201d.<\/p>\n<p>Por ah\u00ed nos vemos ENTRE EL CALLEJ\u00d3N Y EL TENDIDO si Dios lo permite.<\/p>\n<p>\u00a0<\/p>\n","protected":false},"excerpt":{"rendered":"<p>#ENTRE EL CALLEJ\u00d3N Y EL TENDIDO En el tema de la actuaci\u00f3n de Jos\u00e9 Tom\u00e1s en la Monumental Plaza M\u00e9xico de una vez por todas \u201ccruz y raya\u201d.<\/p>\n","protected":false},"author":93,"featured_media":0,"comment_status":"open","ping_status":"open","sticky":false,"template":"","format":"standard","meta":{"footnotes":""},"categories":[39],"tags":[],"class_list":["post-16891","post","type-post","status-publish","format-standard","hentry","category-deportiva"],"_links":{"self":[{"href":"https:\/\/plazajuarez.mx\/historico\/wp-json\/wp\/v2\/posts\/16891","targetHints":{"allow":["GET"]}}],"collection":[{"href":"https:\/\/plazajuarez.mx\/historico\/wp-json\/wp\/v2\/posts"}],"about":[{"href":"https:\/\/plazajuarez.mx\/historico\/wp-json\/wp\/v2\/types\/post"}],"author":[{"embeddable":true,"href":"https:\/\/plazajuarez.mx\/historico\/wp-json\/wp\/v2\/users\/93"}],"replies":[{"embeddable":true,"href":"https:\/\/plazajuarez.mx\/historico\/wp-json\/wp\/v2\/comments?post=16891"}],"version-history":[{"count":0,"href":"https:\/\/plazajuarez.mx\/historico\/wp-json\/wp\/v2\/posts\/16891\/revisions"}],"wp:attachment":[{"href":"https:\/\/plazajuarez.mx\/historico\/wp-json\/wp\/v2\/media?parent=16891"}],"wp:term":[{"taxonomy":"category","embeddable":true,"href":"https:\/\/plazajuarez.mx\/historico\/wp-json\/wp\/v2\/categories?post=16891"},{"taxonomy":"post_tag","embeddable":true,"href":"https:\/\/plazajuarez.mx\/historico\/wp-json\/wp\/v2\/tags?post=16891"}],"curies":[{"name":"wp","href":"https:\/\/api.w.org\/{rel}","templated":true}]}}