{"id":16889,"date":"2016-02-08T14:10:25","date_gmt":"2016-02-08T14:10:25","guid":{"rendered":"http:\/\/plazajuarez.mx\/index\/index.php\/2016\/02\/08\/lo-balean-por-no-pasarle-corriente\/"},"modified":"2016-02-08T14:10:25","modified_gmt":"2016-02-08T14:10:25","slug":"lo-balean-por-no-pasarle-corriente","status":"publish","type":"post","link":"https:\/\/plazajuarez.mx\/historico\/lo-balean-por-no-pasarle-corriente\/","title":{"rendered":"LO BALEAN POR NO  PASARLE CORRIENTE"},"content":{"rendered":"<p>TULANCINGO<\/p>\n<p><strong>La v\u00edctima fue agredida con arma de fuego en su propio domicilio por un individuo, mismo que se molest\u00f3 porque el ahora occiso se neg\u00f3 a pasarle corriente a su veh\u00edculo que se hab\u00eda quedado sin carga en la bater\u00eda<\/strong><\/p>\n<p>  <!--more-->  <\/p>\n<p>\u00a0<\/p>\n<p>Una tragedia que seg\u00f3 una vida humana tuvo lugar en la regi\u00f3n de Tulancingo, donde un individuo acudi\u00f3 a un domicilio para pedir que le pasar\u00e1n corriente a su veh\u00edculo, s\u00f3lo que le negaron el apoyo y muy molest\u00f3 termin\u00f3 por disparar su arma de fuego, logrando lesionar a un masculino que fue hospitalizado de emergencia, pero en el nosocomio perdi\u00f3 la batalla y muri\u00f3.<\/p>\n<p>Vecinos de la colonia Napateco llamaron v\u00eda telef\u00f3nica al 066 de Emergencias para alertar sobre una persona que se debat\u00eda entre la vida y la muerte al ser balaceado en su vivienda.<\/p>\n<p>La Procuradur\u00eda General de Justicia dio inicio a la averiguaci\u00f3n previa 18\/III\/392\/2016, por lo que resulte de la muerte del masculino que previamente fue ingresado al Hospital General de Tulancingo.<\/p>\n<p>Elementos de la Polic\u00eda Investigadora acudieron al lugar encontrando a Juan Javier Cisneros Cabeza de 42 a\u00f1os sin vida, mismo que present\u00f3 impactos de arma de fuego.<\/p>\n<p>De los hechos se supo que el ahora occiso estaba en su domicilio del fraccionamiento Haciendas de Napateco, cuando una persona toc\u00f3 la puerta pidiendo ayuda para pasar corriente a su veh\u00edculo, a lo que el occiso se neg\u00f3 y el extra\u00f1o abri\u00f3 una ventana a detonando una arma de fuego en contra de Juan Javier Cisneros.\u00a0\u00a0<\/p>\n<p>La causa de Muerte fue por anemia aguda secundaria a laceraci\u00f3n de \u00f3rganos abdominales producido por proyectil disparado por arma de fuego perforante de abdomen.<\/p>\n","protected":false},"excerpt":{"rendered":"<p>TULANCINGO La v\u00edctima fue agredida con arma de fuego en su propio domicilio por un individuo, mismo que se molest\u00f3 porque el ahora occiso se neg\u00f3 a pasarle corriente a su veh\u00edculo que se hab\u00eda quedado sin carga en la bater\u00eda<\/p>\n","protected":false},"author":93,"featured_media":0,"comment_status":"open","ping_status":"open","sticky":false,"template":"","format":"standard","meta":{"footnotes":""},"categories":[37],"tags":[],"class_list":["post-16889","post","type-post","status-publish","format-standard","hentry","category-barandilla"],"_links":{"self":[{"href":"https:\/\/plazajuarez.mx\/historico\/wp-json\/wp\/v2\/posts\/16889","targetHints":{"allow":["GET"]}}],"collection":[{"href":"https:\/\/plazajuarez.mx\/historico\/wp-json\/wp\/v2\/posts"}],"about":[{"href":"https:\/\/plazajuarez.mx\/historico\/wp-json\/wp\/v2\/types\/post"}],"author":[{"embeddable":true,"href":"https:\/\/plazajuarez.mx\/historico\/wp-json\/wp\/v2\/users\/93"}],"replies":[{"embeddable":true,"href":"https:\/\/plazajuarez.mx\/historico\/wp-json\/wp\/v2\/comments?post=16889"}],"version-history":[{"count":0,"href":"https:\/\/plazajuarez.mx\/historico\/wp-json\/wp\/v2\/posts\/16889\/revisions"}],"wp:attachment":[{"href":"https:\/\/plazajuarez.mx\/historico\/wp-json\/wp\/v2\/media?parent=16889"}],"wp:term":[{"taxonomy":"category","embeddable":true,"href":"https:\/\/plazajuarez.mx\/historico\/wp-json\/wp\/v2\/categories?post=16889"},{"taxonomy":"post_tag","embeddable":true,"href":"https:\/\/plazajuarez.mx\/historico\/wp-json\/wp\/v2\/tags?post=16889"}],"curies":[{"name":"wp","href":"https:\/\/api.w.org\/{rel}","templated":true}]}}