{"id":168866,"date":"2021-06-21T12:02:39","date_gmt":"2021-06-21T17:02:39","guid":{"rendered":"https:\/\/plazajuarez.mx\/?p=168866"},"modified":"2021-06-21T12:03:12","modified_gmt":"2021-06-21T17:03:12","slug":"mexico-y-argentina-llaman-a-sus-embajadores-por-preocupacion-en-nicaragua","status":"publish","type":"post","link":"https:\/\/plazajuarez.mx\/historico\/mexico-y-argentina-llaman-a-sus-embajadores-por-preocupacion-en-nicaragua\/","title":{"rendered":"M\u00e9xico y Argentina llaman a sus embajadores por &#8220;preocupaci\u00f3n&#8221; en Nicaragua"},"content":{"rendered":"\n<p class=\"wp-block-paragraph\">M\u00e9xico y Argentina llamaron este lunes a consultas a sus embajadores en Nicaragua por &#8220;las preocupantes acciones pol\u00edticas-legales&#8221; del Gobierno de Daniel Ortega, aunque sin condenar sus acciones.<\/p>\n\n\n\n<p class=\"wp-block-paragraph\">En un comunicado conjunto, los Gobiernos revelaron que instruyeron al embajador de M\u00e9xico, Gustavo Alonso Cabrera, y al de Argentina, Mateo Daniel Capitanich, a trasladarse a sus respectivas capitales para consultarlos sobre las acciones del Gobierno nicarag\u00fcense de los \u00faltimos d\u00edas.<\/p>\n\n\n\n<p class=\"wp-block-paragraph\">&#8220;Han puesto en riesgo la integridad y libertad de diversas figuras de la oposici\u00f3n (incluidos precandidatos presidenciales), activistas y empresarios nicarag\u00fcenses&#8221;, indic\u00f3 el bolet\u00edn.<\/p>\n\n\n\n<p class=\"wp-block-paragraph\">Nicaragua sum\u00f3 este lunes el quinto arresto de un aspirante presidencial de oposici\u00f3n con la detenci\u00f3n del empresario period\u00edstico Miguel Mora, a menos de cinco meses de que sean las elecciones generales en las que el presidente Ortega busca la reelecci\u00f3n.<\/p>\n\n\n\n<p class=\"wp-block-paragraph\">Los precandidatos presidenciales han sido detenidos en medio de una ola de arrestos contra l\u00edderes opositores que incluye a dos exvicecancilleres, dos hist\u00f3ricos exguerrilleros sandinistas disidentes, un exdirigente empresarial, un banquero, cuatro activistas y dos extrabajadores de una ONG.<\/p>\n\n\n\n<p class=\"wp-block-paragraph\">M\u00e9xico y Argentina han manifestado &#8220;su preocupaci\u00f3n&#8221;, pero se negaron a acompa\u00f1ar una resoluci\u00f3n aprobada el 15 de junio por 26 pa\u00edses de la Organizaci\u00f3n de Estados Americanos (OEA) para condenar la persecuci\u00f3n de los opositores, con el argumento de la &#8220;no intervenci\u00f3n en asuntos internos&#8221;.<\/p>\n\n\n\n<p class=\"wp-block-paragraph\">En el pronunciamiento de este lunes, ambos gobiernos de izquierdas prometieron que &#8220;se mantendr\u00e1n atentos a la evoluci\u00f3n de los acontecimientos relacionados con la hermana Rep\u00fablica de Nicaragua&#8221;.<\/p>\n\n\n\n<p class=\"wp-block-paragraph\">&#8220;Y seguir\u00e1n promoviendo inequ\u00edvocamente el pleno respeto y promoci\u00f3n de los derechos humanos, las libertades civiles, pol\u00edticas y de expresi\u00f3n de toda persona, con independencia de su nacionalidad y\/o profesi\u00f3n&#8221;, sostuvieron.<\/p>\n\n\n\n<p class=\"wp-block-paragraph\">En las elecciones del 7 de noviembre pr\u00f3ximo, Ortega se jugar\u00e1 42 a\u00f1os de primac\u00eda casi absoluta sobre la pol\u00edtica nicarag\u00fcense.<\/p>\n\n\n\n<p class=\"wp-block-paragraph\">De ganar su tercera reelecci\u00f3n consecutiva, el sandinista garantizar\u00eda su cuarto mandato de cinco a\u00f1os y segundo con su esposa, Rosario Murillo, como vicepresidenta.<\/p>\n\n\n\n<p class=\"wp-block-paragraph\">Pese las cr\u00edticas internacionales, M\u00e9xico y Argentina reiteraron &#8220;su disposici\u00f3n plena para colaborar constructivamente en la promoci\u00f3n del di\u00e1logo&#8221;.<\/p>\n\n\n\n<p class=\"wp-block-paragraph\">&#8220;Que sean las y los propios nicarag\u00fcenses, quienes superen esta situaci\u00f3n por la v\u00eda pac\u00edfica&#8221;, pidieron.<\/p>\n","protected":false},"excerpt":{"rendered":"<p>M\u00e9xico y Argentina llamaron este lunes a consultas a sus embajadores en Nicaragua por &#8220;las preocupantes acciones pol\u00edticas-legales&#8221; del Gobierno de Daniel Ortega, aunque sin condenar sus acciones. En un comunicado conjunto, los Gobiernos revelaron que instruyeron al embajador de M\u00e9xico, Gustavo Alonso Cabrera, y al de Argentina, Mateo Daniel Capitanich, a trasladarse a sus [&hellip;]<\/p>\n","protected":false},"author":80,"featured_media":168867,"comment_status":"closed","ping_status":"open","sticky":false,"template":"","format":"standard","meta":{"footnotes":""},"categories":[15,36],"tags":[],"class_list":["post-168866","post","type-post","status-publish","format-standard","has-post-thumbnail","hentry","category-destacadas","category-nacion"],"_links":{"self":[{"href":"https:\/\/plazajuarez.mx\/historico\/wp-json\/wp\/v2\/posts\/168866","targetHints":{"allow":["GET"]}}],"collection":[{"href":"https:\/\/plazajuarez.mx\/historico\/wp-json\/wp\/v2\/posts"}],"about":[{"href":"https:\/\/plazajuarez.mx\/historico\/wp-json\/wp\/v2\/types\/post"}],"author":[{"embeddable":true,"href":"https:\/\/plazajuarez.mx\/historico\/wp-json\/wp\/v2\/users\/80"}],"replies":[{"embeddable":true,"href":"https:\/\/plazajuarez.mx\/historico\/wp-json\/wp\/v2\/comments?post=168866"}],"version-history":[{"count":0,"href":"https:\/\/plazajuarez.mx\/historico\/wp-json\/wp\/v2\/posts\/168866\/revisions"}],"wp:featuredmedia":[{"embeddable":true,"href":"https:\/\/plazajuarez.mx\/historico\/wp-json\/wp\/v2\/media\/168867"}],"wp:attachment":[{"href":"https:\/\/plazajuarez.mx\/historico\/wp-json\/wp\/v2\/media?parent=168866"}],"wp:term":[{"taxonomy":"category","embeddable":true,"href":"https:\/\/plazajuarez.mx\/historico\/wp-json\/wp\/v2\/categories?post=168866"},{"taxonomy":"post_tag","embeddable":true,"href":"https:\/\/plazajuarez.mx\/historico\/wp-json\/wp\/v2\/tags?post=168866"}],"curies":[{"name":"wp","href":"https:\/\/api.w.org\/{rel}","templated":true}]}}